{"id":1390,"date":"2021-02-16T09:14:34","date_gmt":"2021-02-16T08:14:34","guid":{"rendered":"https:\/\/agora.xtec.cat\/escguillemisarn\/?p=1390"},"modified":"2021-02-16T09:16:43","modified_gmt":"2021-02-16T08:16:43","slug":"premi-pilarin-bayes","status":"publish","type":"post","link":"https:\/\/agora.xtec.cat\/escguillemisarn\/general\/premi-pilarin-bayes\/","title":{"rendered":"Premi Pilar\u00edn Bay\u00e9s"},"content":{"rendered":"<p>L&#8217;expressi\u00f3 escrita \u00e9s un dels recursos que m\u00e9s treballem a l&#8217;escola, per aquest motiu li volem donar un significat i una intencionalitat clara i els alumnes de 5\u00e8 ens presentem al concurs &#8220;Premi Pilar\u00edn Bay\u00e9s&#8221; de contes per a nens i nenes.<\/p>\n<p>Es tracta d\u2019un Premi de contes escrits per nens i nenes de Prim\u00e0ria. Els principals objectius s\u00f3n fomentar la lectura i apropar els llibres als infants, estimular la seva imaginaci\u00f3 i fer-los reflexionar i treballar tem\u00e0tiques al voltant dels valors.<\/p>\n<p>El Premi vol ser un homenatge a aquesta gran il\u00b7lustradora que encarna tot aix\u00f2 a la perfecci\u00f3: valors, estima pels contes i estima pels infants.<\/p>\n<p>El Premi proposa cada curs una tem\u00e0tica diferent i els contes rebuts es classifiquen en\u00a0quatre categories:<\/p>\n<p>\u2013 Cicle inicial<\/p>\n<p>\u2013 Cicle mitj\u00e0<\/p>\n<p>\u2013 Cicle superior<\/p>\n<p>\u2013 Educaci\u00f3 especial<\/p>\n<p>De cada cicle, el Jurat escull 5 contes, que s\u00f3n publicats en un llibre il\u00b7lustrat per la mateixa Pilar\u00edn Bay\u00e9s.<\/p>\n<p>La comunicaci\u00f3 del veredicte es fa sempre el 23 d\u2019abril, dia de sant Jordi, en directe a Els matins de TV3. Es convocar\u00e0 les escoles guanyadores a una gran festa a finals de curs per fer el lliurament dels premis als autors dels contes guardonats.<\/p>\n<p>El Premi \u00e9s convocat per l\u2019Editorial Mediterr\u00e0nia juntament a l\u2019Obra Social Sant Joan de D\u00e9u.<\/p>\n<p>Els contes que presentem al concurs s\u00f3n els seg\u00fcents:<\/p>\n<p style=\"margin: 12px auto 6px auto; font-family: Helvetica,Arial,Sans-serif; font-style: normal; font-variant: normal; font-weight: normal; font-size: 14px; line-height: normal; font-size-adjust: none; font-stretch: normal; -x-system-font: none; display: block;\"><a style=\"text-decoration: underline;\" title=\"View Premi Pilar\u00edn Bay\u00e9s on Scribd\" href=\"https:\/\/www.scribd.com\/document\/494715654\/Premi-Pilarin-Bayes#from_embed\">Premi Pilar\u00edn Bay\u00e9s<\/a> by <a style=\"text-decoration: underline;\" title=\"View Escola Guillem Isarn's profile on Scribd\" href=\"https:\/\/www.scribd.com\/user\/486678574\/Escola-Guillem-Isarn#from_embed\">Escola Guillem Isarn<\/a> on Scribd<\/p>\n<p><iframe loading=\"lazy\" src=\"https:\/\/www.scribd.com\/embeds\/494715654\/content?start_page=1&amp;view_mode=scroll&amp;access_key=key-CMfKKuDKNuMlyCKvELNs\" width=\"100%\" height=\"600\" frameborder=\"0\" data-auto-height=\"false\" data-aspect-ratio=\"0.7068965517241379\"><\/iframe><\/p>\n<p>&nbsp;<\/p>\n","protected":false},"excerpt":{"rendered":"<p>L&#8217;expressi\u00f3 escrita \u00e9s un dels recursos que m\u00e9s treballem a l&#8217;escola, per aquest motiu li volem donar un significat i una intencionalitat clara i els alumnes de 5\u00e8 ens presentem al concurs &#8220;Premi Pilar\u00edn Bay\u00e9s&#8221; de contes per a nens i nenes.<br \/>\nEs tracta d\u2019un Premi&hellip;  <a href=\"https:\/\/agora.xtec.cat\/escguillemisarn\/general\/premi-pilarin-bayes\/\" title=\"Read Premi Pilar\u00edn Bay\u00e9s\">Llegeix m\u00e9s\u00bb<\/a><\/p>\n","protected":false},"author":18,"featured_media":0,"comment_status":"open","ping_status":"closed","sticky":false,"template":"","format":"standard","meta":{"_bbp_topic_count":0,"_bbp_reply_count":0,"_bbp_total_topic_count":0,"_bbp_total_reply_count":0,"_bbp_voice_count":0,"_bbp_anonymous_reply_count":0,"_bbp_topic_count_hidden":0,"_bbp_reply_count_hidden":0,"_bbp_forum_subforum_count":0,"footnotes":""},"categories":[73,79,1,4],"tags":[],"class_list":["post-1390","post","type-post","status-publish","format-standard","hentry","category-cs","category-foment-de-la-lectura","category-general","category-portada"],"post_mailing_queue_ids":[],"_links":{"self":[{"href":"https:\/\/agora.xtec.cat\/escguillemisarn\/wp-json\/wp\/v2\/posts\/1390","targetHints":{"allow":["GET"]}}],"collection":[{"href":"https:\/\/agora.xtec.cat\/escguillemisarn\/wp-json\/wp\/v2\/posts"}],"about":[{"href":"https:\/\/agora.xtec.cat\/escguillemisarn\/wp-json\/wp\/v2\/types\/post"}],"author":[{"embeddable":true,"href":"https:\/\/agora.xtec.cat\/escguillemisarn\/wp-json\/wp\/v2\/users\/18"}],"replies":[{"embeddable":true,"href":"https:\/\/agora.xtec.cat\/escguillemisarn\/wp-json\/wp\/v2\/comments?post=1390"}],"version-history":[{"count":3,"href":"https:\/\/agora.xtec.cat\/escguillemisarn\/wp-json\/wp\/v2\/posts\/1390\/revisions"}],"predecessor-version":[{"id":1394,"href":"https:\/\/agora.xtec.cat\/escguillemisarn\/wp-json\/wp\/v2\/posts\/1390\/revisions\/1394"}],"wp:attachment":[{"href":"https:\/\/agora.xtec.cat\/escguillemisarn\/wp-json\/wp\/v2\/media?parent=1390"}],"wp:term":[{"taxonomy":"category","embeddable":true,"href":"https:\/\/agora.xtec.cat\/escguillemisarn\/wp-json\/wp\/v2\/categories?post=1390"},{"taxonomy":"post_tag","embeddable":true,"href":"https:\/\/agora.xtec.cat\/escguillemisarn\/wp-json\/wp\/v2\/tags?post=1390"}],"curies":[{"name":"wp","href":"https:\/\/api.w.org\/{rel}","templated":true}]}}