{"id":1366,"date":"2021-01-29T15:41:26","date_gmt":"2021-01-29T14:41:26","guid":{"rendered":"https:\/\/agora.xtec.cat\/escguillemisarn\/?p=1366"},"modified":"2021-01-29T15:41:26","modified_gmt":"2021-01-29T14:41:26","slug":"dia-de-la-pau-2021","status":"publish","type":"post","link":"https:\/\/agora.xtec.cat\/escguillemisarn\/general\/dia-de-la-pau-2021\/","title":{"rendered":"DIA DE LA PAU 2021"},"content":{"rendered":"<p>&nbsp;<\/p>\n<p><strong>El divendres dia 29 de gener hem celebrat el Dia Escolar de la No-viol\u00e8ncia i la Pau (DENIP).<\/strong><\/p>\n<p><strong>Aquest dia, fundat el 1964, \u00e9s una iniciativa pionera, no estatal, no governamental, no <\/strong><strong>oficial , independent, lliure i volunt\u00e0ria d&#8217;Educaci\u00f3 no violenta i pacificadora, practicada ja en escoles de tot el m\u00f3n i en la qual estan convidats a participar els centres educatius de <\/strong><strong>tots els nivells i de tots els pa\u00efsos. Propugna una educaci\u00f3 permanent i per a la conc\u00f2rdia, la toler\u00e0ncia, la solidaritat, el respecte als drets humans, la no-viol\u00e8ncia i la pau.<\/strong><\/p>\n<p><strong>\u00a0<\/strong><\/p>\n<p><strong>Aquest any, degut a la situaci\u00f3 en la qual ens trobem i per respecte als companys de les classes confinades, no hem fet un acte festiu i multitudinari al pati de l\u2019Escola com f\u00e8iem cada any. S\u00ed, hem treballat aquest tema a l\u2019hora de tutoria en les diferents classes i hem elaborat un mural amb mandales que completaran els\/les alumnes de les aules confinades quan puguin tornar a l\u2019Escola. Amb totes les mandales construirem la paraula PAU.\u00a0<\/strong><\/p>\n<p>De moment, aquest \u00e9s el resultat. M\u00e9s endavant us ensenyarem el mural acabat.<\/p>\n<p>&nbsp;<\/p>\n<p><a href=\"https:\/\/photos.app.goo.gl\/dpuSQgDC3FUF19648\">https:\/\/photos.app.goo.gl\/dpuSQgDC3FUF19648<\/a><\/p>\n","protected":false},"excerpt":{"rendered":"<p>&nbsp;<br \/>\nEl divendres dia 29 de gener hem celebrat el Dia Escolar de la No-viol\u00e8ncia i la Pau (DENIP).<br \/>\nAquest dia, fundat el 1964, \u00e9s una iniciativa pionera, no estatal, no governamental, no oficial , independent, lliure i volunt\u00e0ria d&#8217;Educaci\u00f3 no violenta i pacificadora, practicada ja en&hellip;  <a href=\"https:\/\/agora.xtec.cat\/escguillemisarn\/general\/dia-de-la-pau-2021\/\" title=\"Read DIA DE LA PAU 2021\">Llegeix m\u00e9s\u00bb<\/a><\/p>\n","protected":false},"author":1,"featured_media":0,"comment_status":"open","ping_status":"closed","sticky":false,"template":"","format":"standard","meta":{"_bbp_topic_count":0,"_bbp_reply_count":0,"_bbp_total_topic_count":0,"_bbp_total_reply_count":0,"_bbp_voice_count":0,"_bbp_anonymous_reply_count":0,"_bbp_topic_count_hidden":0,"_bbp_reply_count_hidden":0,"_bbp_forum_subforum_count":0,"footnotes":""},"categories":[1,2,4,5,75],"tags":[],"class_list":["post-1366","post","type-post","status-publish","format-standard","hentry","category-general","category-infantil","category-portada","category-primaria","category-p-ciutadania"],"post_mailing_queue_ids":[],"_links":{"self":[{"href":"https:\/\/agora.xtec.cat\/escguillemisarn\/wp-json\/wp\/v2\/posts\/1366","targetHints":{"allow":["GET"]}}],"collection":[{"href":"https:\/\/agora.xtec.cat\/escguillemisarn\/wp-json\/wp\/v2\/posts"}],"about":[{"href":"https:\/\/agora.xtec.cat\/escguillemisarn\/wp-json\/wp\/v2\/types\/post"}],"author":[{"embeddable":true,"href":"https:\/\/agora.xtec.cat\/escguillemisarn\/wp-json\/wp\/v2\/users\/1"}],"replies":[{"embeddable":true,"href":"https:\/\/agora.xtec.cat\/escguillemisarn\/wp-json\/wp\/v2\/comments?post=1366"}],"version-history":[{"count":1,"href":"https:\/\/agora.xtec.cat\/escguillemisarn\/wp-json\/wp\/v2\/posts\/1366\/revisions"}],"predecessor-version":[{"id":1367,"href":"https:\/\/agora.xtec.cat\/escguillemisarn\/wp-json\/wp\/v2\/posts\/1366\/revisions\/1367"}],"wp:attachment":[{"href":"https:\/\/agora.xtec.cat\/escguillemisarn\/wp-json\/wp\/v2\/media?parent=1366"}],"wp:term":[{"taxonomy":"category","embeddable":true,"href":"https:\/\/agora.xtec.cat\/escguillemisarn\/wp-json\/wp\/v2\/categories?post=1366"},{"taxonomy":"post_tag","embeddable":true,"href":"https:\/\/agora.xtec.cat\/escguillemisarn\/wp-json\/wp\/v2\/tags?post=1366"}],"curies":[{"name":"wp","href":"https:\/\/api.w.org\/{rel}","templated":true}]}}