{"id":1363,"date":"2021-01-28T13:20:33","date_gmt":"2021-01-28T12:20:33","guid":{"rendered":"https:\/\/agora.xtec.cat\/escguillemisarn\/?p=1363"},"modified":"2021-01-28T13:20:33","modified_gmt":"2021-01-28T12:20:33","slug":"a-leducacio-no-la-confina-ningu","status":"publish","type":"post","link":"https:\/\/agora.xtec.cat\/escguillemisarn\/general\/a-leducacio-no-la-confina-ningu\/","title":{"rendered":"A l&#8217;educaci\u00f3 no la confina ning\u00fa!!"},"content":{"rendered":"<p>Hola hola noies i nois!!<\/p>\n<p>Vull agrair-vos tot l&#8217;esfor\u00e7 que esteu fent aquests dies que hem d&#8217;estar a les nostres llars per seguir amb l&#8217;aprenentatge. S\u00f3c conscient que molts de vosaltres \u00e9s la primera vegada que heu de gestionar aquestes plataformes virtuals o entorns virtuals d&#8217;aprenentatge (EVA), per\u00f2 us ben asseguro que ho esteu fent d&#8217;all\u00f2 m\u00e9s b\u00e9.<\/p>\n<p>Fixeu-vos amb el t\u00edtol que he posat a aquesta not\u00edcia: &#8220;A l&#8217;educaci\u00f3 no la confina ning\u00fa&#8221;, i \u00e9s que esteu aprenent tot i estar a casa, esteu participant tot i estar a casa i esteu expressant les vostres inquietuds de forma excel\u00b7lent.<\/p>\n<p>Tamb\u00e9 vull agrair a totes les fam\u00edlies que fan possible l&#8217;\u00fas de les noves tecnologies per connectar-nos cada dia i seguir amb l&#8217;aprenentatge. MOLTES GR\u00c0CIES amb maj\u00fascules.<\/p>\n<p>No voldria acabar aquesta not\u00edcia sense agrair la tasca que fan els companys mestres des de l&#8217;escola, els que per protocol poden continuar anant a l&#8217;edifici escolar per\u00f2 que s\u00f3n capa\u00e7os i capaces de teletreballar amb nosaltres i &#8220;entrar&#8221; a les nostres cases per aportar el seu granet d&#8217;arena a la bona educaci\u00f3.<\/p>\n<p>Equip, som imparables! Endavant!<\/p>\n<p>El vostre mestre.<\/p>\n<p><a href=\"https:\/\/agora.xtec.cat\/escguillemisarn\/wp-content\/uploads\/usu1631\/2021\/01\/Teletreballant.jpg\"><img loading=\"lazy\" decoding=\"async\" class=\"alignnone size-full wp-image-1364\" src=\"https:\/\/agora.xtec.cat\/escguillemisarn\/wp-content\/uploads\/usu1631\/2021\/01\/Teletreballant.jpg\" alt=\"\" width=\"567\" height=\"319\" srcset=\"https:\/\/agora.xtec.cat\/escguillemisarn\/wp-content\/uploads\/usu1631\/2021\/01\/Teletreballant.jpg 567w, https:\/\/agora.xtec.cat\/escguillemisarn\/wp-content\/uploads\/usu1631\/2021\/01\/Teletreballant-300x169.jpg 300w\" sizes=\"auto, (max-width: 567px) 100vw, 567px\" \/><\/a><\/p>\n<p>&nbsp;<\/p>\n","protected":false},"excerpt":{"rendered":"<p>Hola hola noies i nois!!<br \/>\nVull agrair-vos tot l&#8217;esfor\u00e7 que esteu fent aquests dies que hem d&#8217;estar a les nostres llars per seguir amb l&#8217;aprenentatge. S\u00f3c conscient que molts de vosaltres \u00e9s la primera vegada que heu de gestionar aquestes plataformes virtuals o entorns virtuals d&#8217;aprenentatge&hellip;  <a href=\"https:\/\/agora.xtec.cat\/escguillemisarn\/general\/a-leducacio-no-la-confina-ningu\/\" title=\"Read A l&#8217;educaci\u00f3 no la confina ning\u00fa!!\">Llegeix m\u00e9s\u00bb<\/a><\/p>\n","protected":false},"author":18,"featured_media":0,"comment_status":"open","ping_status":"closed","sticky":false,"template":"","format":"standard","meta":{"_bbp_topic_count":0,"_bbp_reply_count":0,"_bbp_total_topic_count":0,"_bbp_total_reply_count":0,"_bbp_voice_count":0,"_bbp_anonymous_reply_count":0,"_bbp_topic_count_hidden":0,"_bbp_reply_count_hidden":0,"_bbp_forum_subforum_count":0,"footnotes":""},"categories":[73,1,4,5],"tags":[],"class_list":["post-1363","post","type-post","status-publish","format-standard","hentry","category-cs","category-general","category-portada","category-primaria"],"post_mailing_queue_ids":[],"_links":{"self":[{"href":"https:\/\/agora.xtec.cat\/escguillemisarn\/wp-json\/wp\/v2\/posts\/1363","targetHints":{"allow":["GET"]}}],"collection":[{"href":"https:\/\/agora.xtec.cat\/escguillemisarn\/wp-json\/wp\/v2\/posts"}],"about":[{"href":"https:\/\/agora.xtec.cat\/escguillemisarn\/wp-json\/wp\/v2\/types\/post"}],"author":[{"embeddable":true,"href":"https:\/\/agora.xtec.cat\/escguillemisarn\/wp-json\/wp\/v2\/users\/18"}],"replies":[{"embeddable":true,"href":"https:\/\/agora.xtec.cat\/escguillemisarn\/wp-json\/wp\/v2\/comments?post=1363"}],"version-history":[{"count":1,"href":"https:\/\/agora.xtec.cat\/escguillemisarn\/wp-json\/wp\/v2\/posts\/1363\/revisions"}],"predecessor-version":[{"id":1365,"href":"https:\/\/agora.xtec.cat\/escguillemisarn\/wp-json\/wp\/v2\/posts\/1363\/revisions\/1365"}],"wp:attachment":[{"href":"https:\/\/agora.xtec.cat\/escguillemisarn\/wp-json\/wp\/v2\/media?parent=1363"}],"wp:term":[{"taxonomy":"category","embeddable":true,"href":"https:\/\/agora.xtec.cat\/escguillemisarn\/wp-json\/wp\/v2\/categories?post=1363"},{"taxonomy":"post_tag","embeddable":true,"href":"https:\/\/agora.xtec.cat\/escguillemisarn\/wp-json\/wp\/v2\/tags?post=1363"}],"curies":[{"name":"wp","href":"https:\/\/api.w.org\/{rel}","templated":true}]}}