{"id":1353,"date":"2020-12-21T09:46:42","date_gmt":"2020-12-21T08:46:42","guid":{"rendered":"https:\/\/agora.xtec.cat\/escguillemisarn\/?p=1353"},"modified":"2020-12-21T09:46:42","modified_gmt":"2020-12-21T08:46:42","slug":"video-de-lactuacio-nadalenca","status":"publish","type":"post","link":"https:\/\/agora.xtec.cat\/escguillemisarn\/general\/video-de-lactuacio-nadalenca\/","title":{"rendered":"V\u00cdDEO DE L&#8217;ACTUACI\u00d3 NADALENCA"},"content":{"rendered":"<p>Benvolgudes fam\u00edlies,<\/p>\n<p>&nbsp;<\/p>\n<p>Us enviem el link de <strong>l\u2019actuaci\u00f3 nadalenca<\/strong> en la qual hi participa tot l\u2019alumnat del centre. El v\u00eddeo comen\u00e7ar\u00e0 a ser operatiu a partir de les 6 de la tarda d\u2019avui dilluns dia 21 de Desembre. Us recomanem que el mireu tots plegats, en fam\u00edlia. Amb ell, tots els que fem l\u2019Escola Guillem Isarn (alumnat, mestres, personal no docent, \u2026) us volem desitjar unes MOLT BONES FESTES I UN MILLOR ANY 2.021.<\/p>\n<p>&nbsp;<\/p>\n<p>Gr\u00e0cies per tot, ens veurem el proper any.<\/p>\n<p>&nbsp;<\/p>\n<p><a href=\"https:\/\/youtu.be\/dNymHZXCYjE\">https:\/\/youtu.be\/dNymHZXCYjE<\/a><\/p>\n","protected":false},"excerpt":{"rendered":"<p>Benvolgudes fam\u00edlies,<br \/>\n&nbsp;<br \/>\nUs enviem el link de l\u2019actuaci\u00f3 nadalenca en la qual hi participa tot l\u2019alumnat del centre. El v\u00eddeo comen\u00e7ar\u00e0 a ser operatiu a partir de les 6 de la tarda d\u2019avui dilluns dia 21 de Desembre. Us recomanem que el mireu tots plegats, en&hellip;  <a href=\"https:\/\/agora.xtec.cat\/escguillemisarn\/general\/video-de-lactuacio-nadalenca\/\" title=\"Read V\u00cdDEO DE L&#8217;ACTUACI\u00d3 NADALENCA\">Llegeix m\u00e9s\u00bb<\/a><\/p>\n","protected":false},"author":1,"featured_media":0,"comment_status":"open","ping_status":"closed","sticky":false,"template":"","format":"standard","meta":{"_bbp_topic_count":0,"_bbp_reply_count":0,"_bbp_total_topic_count":0,"_bbp_total_reply_count":0,"_bbp_voice_count":0,"_bbp_anonymous_reply_count":0,"_bbp_topic_count_hidden":0,"_bbp_reply_count_hidden":0,"_bbp_forum_subforum_count":0,"footnotes":""},"categories":[1,2,4,5],"tags":[],"class_list":["post-1353","post","type-post","status-publish","format-standard","hentry","category-general","category-infantil","category-portada","category-primaria"],"post_mailing_queue_ids":[],"_links":{"self":[{"href":"https:\/\/agora.xtec.cat\/escguillemisarn\/wp-json\/wp\/v2\/posts\/1353","targetHints":{"allow":["GET"]}}],"collection":[{"href":"https:\/\/agora.xtec.cat\/escguillemisarn\/wp-json\/wp\/v2\/posts"}],"about":[{"href":"https:\/\/agora.xtec.cat\/escguillemisarn\/wp-json\/wp\/v2\/types\/post"}],"author":[{"embeddable":true,"href":"https:\/\/agora.xtec.cat\/escguillemisarn\/wp-json\/wp\/v2\/users\/1"}],"replies":[{"embeddable":true,"href":"https:\/\/agora.xtec.cat\/escguillemisarn\/wp-json\/wp\/v2\/comments?post=1353"}],"version-history":[{"count":1,"href":"https:\/\/agora.xtec.cat\/escguillemisarn\/wp-json\/wp\/v2\/posts\/1353\/revisions"}],"predecessor-version":[{"id":1354,"href":"https:\/\/agora.xtec.cat\/escguillemisarn\/wp-json\/wp\/v2\/posts\/1353\/revisions\/1354"}],"wp:attachment":[{"href":"https:\/\/agora.xtec.cat\/escguillemisarn\/wp-json\/wp\/v2\/media?parent=1353"}],"wp:term":[{"taxonomy":"category","embeddable":true,"href":"https:\/\/agora.xtec.cat\/escguillemisarn\/wp-json\/wp\/v2\/categories?post=1353"},{"taxonomy":"post_tag","embeddable":true,"href":"https:\/\/agora.xtec.cat\/escguillemisarn\/wp-json\/wp\/v2\/tags?post=1353"}],"curies":[{"name":"wp","href":"https:\/\/api.w.org\/{rel}","templated":true}]}}