{"id":1322,"date":"2020-12-01T15:24:23","date_gmt":"2020-12-01T14:24:23","guid":{"rendered":"https:\/\/agora.xtec.cat\/escguillemisarn\/?p=1322"},"modified":"2020-12-01T15:24:23","modified_gmt":"2020-12-01T14:24:23","slug":"els-de-sise-tambe-hem-fet-un-escape-room","status":"publish","type":"post","link":"https:\/\/agora.xtec.cat\/escguillemisarn\/general\/els-de-sise-tambe-hem-fet-un-escape-room\/","title":{"rendered":"ELS DE SIS\u00c8 TAMB\u00c9 HEM FET UN &#8220;ESCAPE ROOM&#8221;"},"content":{"rendered":"<p>La biblioteca de la nostra escola s&#8217;ha convertit el mat\u00ed del dimarts 1 de desembre en un &#8220;Escape room&#8221;. L&#8217;alumnat de sis\u00e8 hem participat en aquesta activitat dissenyada i creada pel Robert (T\u00e8cnic d&#8217;Integraci\u00f3 Social de l&#8217;Escola) amb la col\u00b7laboraci\u00f3 dels nostres mestres. Hem tingut 45 minuts per anar resolent les proves que ens an\u00e0vem trobant i que ens han perm\u00e8s, al final, desactivar la bomba abans que s&#8217;acabi el temps. Ens ha servit per treballar d&#8217;una forma l\u00fadica i competencial activitats de matem\u00e0tiques, lleng\u00fces i geografia. Ens ho hem passat molt i molt b\u00e9 i la biblioteca estava molt ben decorada i ambientada (amb llums de colors, fum, efectes especials, &#8230;). Ah, per cert, hem tingut una sorpresa, han vingut els mitjans de comunicaci\u00f3 (premsa i televisi\u00f3) a enregistrar-nos mentre f\u00e8iem l&#8217;activitat i sortirem als diaris i a la televisi\u00f3!!!<\/p>\n<p>Hem fet dos grups, mentre un grup an\u00e0vem a fer l&#8217;Escape room, l&#8217;altre grup feien racons de matem\u00e0tiques a la classe.<\/p>\n<p>Voleu veure fotos de l&#8217;activitat? Aqu\u00ed les teniu.<\/p>\n<p>&nbsp;<\/p>\n<p><a href=\"https:\/\/photos.app.goo.gl\/fGATuewTywdaTbTY8\">https:\/\/photos.app.goo.gl\/fGATuewTywdaTbTY8<\/a><\/p>\n","protected":false},"excerpt":{"rendered":"<p>La biblioteca de la nostra escola s&#8217;ha convertit el mat\u00ed del dimarts 1 de desembre en un &#8220;Escape room&#8221;. L&#8217;alumnat de sis\u00e8 hem participat en aquesta activitat dissenyada i creada pel Robert (T\u00e8cnic d&#8217;Integraci\u00f3 Social de l&#8217;Escola) amb la col\u00b7laboraci\u00f3 dels nostres mestres. Hem tingut&hellip;  <a href=\"https:\/\/agora.xtec.cat\/escguillemisarn\/general\/els-de-sise-tambe-hem-fet-un-escape-room\/\" title=\"Read ELS DE SIS\u00c8 TAMB\u00c9 HEM FET UN &#8220;ESCAPE ROOM&#8221;\">Llegeix m\u00e9s\u00bb<\/a><\/p>\n","protected":false},"author":1,"featured_media":0,"comment_status":"open","ping_status":"closed","sticky":false,"template":"","format":"standard","meta":{"_bbp_topic_count":0,"_bbp_reply_count":0,"_bbp_total_topic_count":0,"_bbp_total_reply_count":0,"_bbp_voice_count":0,"_bbp_anonymous_reply_count":0,"_bbp_topic_count_hidden":0,"_bbp_reply_count_hidden":0,"_bbp_forum_subforum_count":0,"footnotes":""},"categories":[73,1,4],"tags":[],"class_list":["post-1322","post","type-post","status-publish","format-standard","hentry","category-cs","category-general","category-portada"],"post_mailing_queue_ids":[],"_links":{"self":[{"href":"https:\/\/agora.xtec.cat\/escguillemisarn\/wp-json\/wp\/v2\/posts\/1322","targetHints":{"allow":["GET"]}}],"collection":[{"href":"https:\/\/agora.xtec.cat\/escguillemisarn\/wp-json\/wp\/v2\/posts"}],"about":[{"href":"https:\/\/agora.xtec.cat\/escguillemisarn\/wp-json\/wp\/v2\/types\/post"}],"author":[{"embeddable":true,"href":"https:\/\/agora.xtec.cat\/escguillemisarn\/wp-json\/wp\/v2\/users\/1"}],"replies":[{"embeddable":true,"href":"https:\/\/agora.xtec.cat\/escguillemisarn\/wp-json\/wp\/v2\/comments?post=1322"}],"version-history":[{"count":1,"href":"https:\/\/agora.xtec.cat\/escguillemisarn\/wp-json\/wp\/v2\/posts\/1322\/revisions"}],"predecessor-version":[{"id":1323,"href":"https:\/\/agora.xtec.cat\/escguillemisarn\/wp-json\/wp\/v2\/posts\/1322\/revisions\/1323"}],"wp:attachment":[{"href":"https:\/\/agora.xtec.cat\/escguillemisarn\/wp-json\/wp\/v2\/media?parent=1322"}],"wp:term":[{"taxonomy":"category","embeddable":true,"href":"https:\/\/agora.xtec.cat\/escguillemisarn\/wp-json\/wp\/v2\/categories?post=1322"},{"taxonomy":"post_tag","embeddable":true,"href":"https:\/\/agora.xtec.cat\/escguillemisarn\/wp-json\/wp\/v2\/tags?post=1322"}],"curies":[{"name":"wp","href":"https:\/\/api.w.org\/{rel}","templated":true}]}}