{"id":1310,"date":"2020-11-27T21:53:00","date_gmt":"2020-11-27T20:53:00","guid":{"rendered":"https:\/\/agora.xtec.cat\/escguillemisarn\/?p=1310"},"modified":"2020-12-04T15:33:37","modified_gmt":"2020-12-04T14:33:37","slug":"25e-aniversari-del-nou-edifici","status":"publish","type":"post","link":"https:\/\/agora.xtec.cat\/escguillemisarn\/general\/25e-aniversari-del-nou-edifici\/","title":{"rendered":"25\u00e8 aniversari del nou edifici"},"content":{"rendered":"<p><a href=\"https:\/\/agora.xtec.cat\/escguillemisarn\/wp-content\/uploads\/usu1631\/2020\/11\/25th-birthday-cupcake-landscape-260nw-710348614.jpg\"><img loading=\"lazy\" decoding=\"async\" class=\" wp-image-1312 alignleft\" src=\"https:\/\/agora.xtec.cat\/escguillemisarn\/wp-content\/uploads\/usu1631\/2020\/11\/25th-birthday-cupcake-landscape-260nw-710348614.jpg\" alt=\"\" width=\"293\" height=\"195\" srcset=\"https:\/\/agora.xtec.cat\/escguillemisarn\/wp-content\/uploads\/usu1631\/2020\/11\/25th-birthday-cupcake-landscape-260nw-710348614.jpg 389w, https:\/\/agora.xtec.cat\/escguillemisarn\/wp-content\/uploads\/usu1631\/2020\/11\/25th-birthday-cupcake-landscape-260nw-710348614-300x200.jpg 300w\" sizes=\"auto, (max-width: 293px) 100vw, 293px\" \/><\/a>Aquest curs escolar, l&#8217;edifici est\u00e0 d&#8217;aniversari! Celebra els seus 25 anys d&#8217;exist\u00e8ncia.<\/p>\n<p>Al seu dia, i encara en l&#8217;actualitat, l&#8217;edifici de l&#8217;escola Guillem Isarn ha estat una refer\u00e8ncia arquitect\u00f2nica de la comarca, per on han passat promocions i promocions d&#8217;alumnes. Per aquest motiu, aquest curs hem volgut retre un petit homenatge a aquest 25\u00e8 aniversari i els nens i nenes de l&#8217;escola han produ\u00eft un himne: &#8220;Es diu Guillem Isarn&#8221;. Aix\u00ed hem volgut anomenar l&#8217;hime on han participat tots els alumnes, des de P3 fins a 6\u00e8, impulsat pels mestres de m\u00fasica David i \u00c0ngels, a qui els hi volem agrair tot l&#8217;esfor\u00e7 i expertesa que hi han dipositat.<\/p>\n<p>Avui ha vingut la premsa per a difondre aquest esdeveniment i aqu\u00ed us volem deixar algunes fotografies per il\u00b7lustrar aquest gran dia per l&#8217;escola.<\/p>\n<p>(Properament anirem penjant m\u00e9s fotos i els links que ens portaran a la not\u00edcia del Diari Segre, de TV Lleida i R\u00e0dio T\u00e0rrega).<\/p>\n<p><strong>LLETRA<\/strong><\/p>\n<p style=\"margin: 12px auto 6px auto; font-family: Helvetica,Arial,Sans-serif; font-style: normal; font-variant: normal; font-weight: normal; font-size: 14px; line-height: normal; font-size-adjust: none; font-stretch: normal; -x-system-font: none; display: block;\"><a style=\"text-decoration: underline;\" title=\"View Es Diu Guillem Isarn on Scribd\" href=\"https:\/\/www.scribd.com\/document\/486095229\/Es-Diu-Guillem-Isarn#from_embed\">Es Diu Guillem Isarn<\/a> by <a style=\"text-decoration: underline;\" title=\"View Escola Guillem Isarn's profile on Scribd\" href=\"https:\/\/www.scribd.com\/user\/486678574\/Escola-Guillem-Isarn#from_embed\">Escola Guillem Isarn<\/a> on Scribd<\/p>\n<p><iframe loading=\"lazy\" src=\"https:\/\/www.scribd.com\/embeds\/486095229\/content?start_page=1&amp;view_mode=scroll&amp;access_key=key-5ST0OU353bEPvWVZfvyD\" width=\"100%\" height=\"600\" frameborder=\"0\" data-auto-height=\"false\" data-aspect-ratio=\"0.7080062794348508\"><\/iframe><\/p>\n<p><strong>\u00c0UDIO<\/strong><\/p>\n<p><iframe loading=\"lazy\" title=\"25\u00e8 aniversari by Escola Guillem Isarn - La Fuliola\" width=\"500\" height=\"400\" scrolling=\"no\" frameborder=\"no\" src=\"https:\/\/w.soundcloud.com\/player\/?visual=true&#038;url=https%3A%2F%2Fapi.soundcloud.com%2Ftracks%2F937287022&#038;show_artwork=true&#038;maxheight=750&#038;maxwidth=500\"><\/iframe><\/p>\n<p><strong>FOTOS i V\u00cdDEOS<\/strong><\/p>\n<p><a href=\"https:\/\/photos.app.goo.gl\/xsGc38sRMoZvDY977\">https:\/\/photos.app.goo.gl\/xsGc38sRMoZvDY977<\/a><\/p>\n<p><strong>RECULLS DE PREMSA<\/strong><\/p>\n<p>Diari Segre:\u00a0<a href=\"https:\/\/photos.app.goo.gl\/wFjm8bzaxZQRAyUR6\">https:\/\/photos.app.goo.gl\/wFjm8bzaxZQRAyUR6<\/a><\/p>\n<p>Comarques de Ponent:\u00a0<a href=\"https:\/\/photos.app.goo.gl\/sT1gy5vdRuhwn2Vy7\">https:\/\/photos.app.goo.gl\/sT1gy5vdRuhwn2Vy7<\/a><\/p>\n<p>TV Lleida:\u00a0<a href=\"https:\/\/urgelltv.cat\/ca\/turisme\/urgelltv\/destacada\/48168\/lescola-de-la-fuliola-estrena-himne-per-celebrar-el-25e-aniversari-de-ledifici-actual\/3207.html\">https:\/\/urgelltv.cat\/ca\/turisme\/urgelltv\/destacada\/48168\/lescola-de-la-fuliola-estrena-himne-per-celebrar-el-25e-aniversari-de-ledifici-actual\/3207.html<\/a><\/p>\n<p>R\u00e0dio T\u00e0rrega:\u00a0<a href=\"https:\/\/alacarta.radiotarrega.cat\/programs\/aquialoest\/radiotarrega_podcast_16484\">https:\/\/alacarta.radiotarrega.cat\/programs\/aquialoest\/radiotarrega_podcast_16484<\/a><\/p>\n","protected":false},"excerpt":{"rendered":"<p><a href=\"https:\/\/agora.xtec.cat\/escguillemisarn\/wp-content\/uploads\/usu1631\/2020\/11\/25th-birthday-cupcake-landscape-260nw-710348614.jpg\"><\/a>Aquest curs escolar, l&#8217;edifici est\u00e0 d&#8217;aniversari! Celebra els seus 25 anys d&#8217;exist\u00e8ncia.<br \/>\nAl seu dia, i encara en l&#8217;actualitat, l&#8217;edifici de l&#8217;escola Guillem Isarn ha estat una refer\u00e8ncia arquitect\u00f2nica de la comarca, per on han passat promocions i promocions d&#8217;alumnes. Per aquest motiu, aquest curs&hellip;  <a href=\"https:\/\/agora.xtec.cat\/escguillemisarn\/general\/25e-aniversari-del-nou-edifici\/\" title=\"Read 25\u00e8 aniversari del nou edifici\">Llegeix m\u00e9s\u00bb<\/a><\/p>\n","protected":false},"author":18,"featured_media":0,"comment_status":"open","ping_status":"closed","sticky":false,"template":"","format":"standard","meta":{"_bbp_topic_count":0,"_bbp_reply_count":0,"_bbp_total_topic_count":0,"_bbp_total_reply_count":0,"_bbp_voice_count":0,"_bbp_anonymous_reply_count":0,"_bbp_topic_count_hidden":0,"_bbp_reply_count_hidden":0,"_bbp_forum_subforum_count":0,"footnotes":""},"categories":[71,72,73,1,2,4,5],"tags":[],"class_list":["post-1310","post","type-post","status-publish","format-standard","hentry","category-ci","category-cm","category-cs","category-general","category-infantil","category-portada","category-primaria"],"post_mailing_queue_ids":[],"_links":{"self":[{"href":"https:\/\/agora.xtec.cat\/escguillemisarn\/wp-json\/wp\/v2\/posts\/1310","targetHints":{"allow":["GET"]}}],"collection":[{"href":"https:\/\/agora.xtec.cat\/escguillemisarn\/wp-json\/wp\/v2\/posts"}],"about":[{"href":"https:\/\/agora.xtec.cat\/escguillemisarn\/wp-json\/wp\/v2\/types\/post"}],"author":[{"embeddable":true,"href":"https:\/\/agora.xtec.cat\/escguillemisarn\/wp-json\/wp\/v2\/users\/18"}],"replies":[{"embeddable":true,"href":"https:\/\/agora.xtec.cat\/escguillemisarn\/wp-json\/wp\/v2\/comments?post=1310"}],"version-history":[{"count":4,"href":"https:\/\/agora.xtec.cat\/escguillemisarn\/wp-json\/wp\/v2\/posts\/1310\/revisions"}],"predecessor-version":[{"id":1333,"href":"https:\/\/agora.xtec.cat\/escguillemisarn\/wp-json\/wp\/v2\/posts\/1310\/revisions\/1333"}],"wp:attachment":[{"href":"https:\/\/agora.xtec.cat\/escguillemisarn\/wp-json\/wp\/v2\/media?parent=1310"}],"wp:term":[{"taxonomy":"category","embeddable":true,"href":"https:\/\/agora.xtec.cat\/escguillemisarn\/wp-json\/wp\/v2\/categories?post=1310"},{"taxonomy":"post_tag","embeddable":true,"href":"https:\/\/agora.xtec.cat\/escguillemisarn\/wp-json\/wp\/v2\/tags?post=1310"}],"curies":[{"name":"wp","href":"https:\/\/api.w.org\/{rel}","templated":true}]}}