{"id":1303,"date":"2020-11-25T14:56:48","date_gmt":"2020-11-25T13:56:48","guid":{"rendered":"https:\/\/agora.xtec.cat\/escguillemisarn\/?p=1303"},"modified":"2020-11-25T14:56:48","modified_gmt":"2020-11-25T13:56:48","slug":"dia-internacional-per-a-leliminacio-de-la-violencia-de-genere","status":"publish","type":"post","link":"https:\/\/agora.xtec.cat\/escguillemisarn\/general\/dia-internacional-per-a-leliminacio-de-la-violencia-de-genere\/","title":{"rendered":"DIA INTERNACIONAL PER A L&#8217;ELIMINACI\u00d3 DE LA VIOL\u00c8NCIA DE G\u00c8NERE"},"content":{"rendered":"<p><strong>EL DIA 25 DE NOVEMBRE \u00c9S<\/strong> <strong>EL Dia internacional per a l&#8217;eliminaci\u00f3 de la viol\u00e8ncia contra les dones, \u00c9S PER AIX\u00d2 QUE TOT L&#8217;ALUMNAT I PROFESSORAT DEL CENTRE HEM VOLGUT FER UN HOMENATGE A TOTES LES DONES V\u00cdCTIMES DE LA VIOL\u00c8NCIA DE G\u00c8NERE AMB UN MINUT DE SILENCI AL PATI DE L&#8217;ESCOLA. MAI M\u00c9S!!!, PROU VIOL\u00c8NCIA DE G\u00c8NERE!!!<\/strong><\/p>\n<p><a href=\"https:\/\/agora.xtec.cat\/escguillemisarn\/wp-content\/uploads\/usu1631\/2020\/11\/IMG_20201125_113117.jpg\"><img loading=\"lazy\" decoding=\"async\" class=\"alignleft wp-image-1304 size-medium\" src=\"https:\/\/agora.xtec.cat\/escguillemisarn\/wp-content\/uploads\/usu1631\/2020\/11\/IMG_20201125_113117-300x225.jpg\" alt=\"\" width=\"300\" height=\"225\" srcset=\"https:\/\/agora.xtec.cat\/escguillemisarn\/wp-content\/uploads\/usu1631\/2020\/11\/IMG_20201125_113117-300x225.jpg 300w, https:\/\/agora.xtec.cat\/escguillemisarn\/wp-content\/uploads\/usu1631\/2020\/11\/IMG_20201125_113117-768x576.jpg 768w, https:\/\/agora.xtec.cat\/escguillemisarn\/wp-content\/uploads\/usu1631\/2020\/11\/IMG_20201125_113117-200x150.jpg 200w, https:\/\/agora.xtec.cat\/escguillemisarn\/wp-content\/uploads\/usu1631\/2020\/11\/IMG_20201125_113117.jpg 1000w\" sizes=\"auto, (max-width: 300px) 100vw, 300px\" \/><\/a><\/p>\n<p>&nbsp;<\/p>\n","protected":false},"excerpt":{"rendered":"<p>EL DIA 25 DE NOVEMBRE \u00c9S EL Dia internacional per a l&#8217;eliminaci\u00f3 de la viol\u00e8ncia contra les dones, \u00c9S PER AIX\u00d2 QUE TOT L&#8217;ALUMNAT I PROFESSORAT DEL CENTRE HEM VOLGUT FER UN HOMENATGE A TOTES LES DONES V\u00cdCTIMES DE LA VIOL\u00c8NCIA DE G\u00c8NERE AMB UN&hellip;  <a href=\"https:\/\/agora.xtec.cat\/escguillemisarn\/general\/dia-internacional-per-a-leliminacio-de-la-violencia-de-genere\/\" title=\"Read DIA INTERNACIONAL PER A L&#8217;ELIMINACI\u00d3 DE LA VIOL\u00c8NCIA DE G\u00c8NERE\">Llegeix m\u00e9s\u00bb<\/a><\/p>\n","protected":false},"author":1,"featured_media":0,"comment_status":"open","ping_status":"closed","sticky":false,"template":"","format":"standard","meta":{"_bbp_topic_count":0,"_bbp_reply_count":0,"_bbp_total_topic_count":0,"_bbp_total_reply_count":0,"_bbp_voice_count":0,"_bbp_anonymous_reply_count":0,"_bbp_topic_count_hidden":0,"_bbp_reply_count_hidden":0,"_bbp_forum_subforum_count":0,"footnotes":""},"categories":[1,4],"tags":[],"class_list":["post-1303","post","type-post","status-publish","format-standard","hentry","category-general","category-portada"],"post_mailing_queue_ids":[],"_links":{"self":[{"href":"https:\/\/agora.xtec.cat\/escguillemisarn\/wp-json\/wp\/v2\/posts\/1303","targetHints":{"allow":["GET"]}}],"collection":[{"href":"https:\/\/agora.xtec.cat\/escguillemisarn\/wp-json\/wp\/v2\/posts"}],"about":[{"href":"https:\/\/agora.xtec.cat\/escguillemisarn\/wp-json\/wp\/v2\/types\/post"}],"author":[{"embeddable":true,"href":"https:\/\/agora.xtec.cat\/escguillemisarn\/wp-json\/wp\/v2\/users\/1"}],"replies":[{"embeddable":true,"href":"https:\/\/agora.xtec.cat\/escguillemisarn\/wp-json\/wp\/v2\/comments?post=1303"}],"version-history":[{"count":1,"href":"https:\/\/agora.xtec.cat\/escguillemisarn\/wp-json\/wp\/v2\/posts\/1303\/revisions"}],"predecessor-version":[{"id":1305,"href":"https:\/\/agora.xtec.cat\/escguillemisarn\/wp-json\/wp\/v2\/posts\/1303\/revisions\/1305"}],"wp:attachment":[{"href":"https:\/\/agora.xtec.cat\/escguillemisarn\/wp-json\/wp\/v2\/media?parent=1303"}],"wp:term":[{"taxonomy":"category","embeddable":true,"href":"https:\/\/agora.xtec.cat\/escguillemisarn\/wp-json\/wp\/v2\/categories?post=1303"},{"taxonomy":"post_tag","embeddable":true,"href":"https:\/\/agora.xtec.cat\/escguillemisarn\/wp-json\/wp\/v2\/tags?post=1303"}],"curies":[{"name":"wp","href":"https:\/\/api.w.org\/{rel}","templated":true}]}}