{"id":1286,"date":"2020-11-16T15:31:28","date_gmt":"2020-11-16T14:31:28","guid":{"rendered":"https:\/\/agora.xtec.cat\/escguillemisarn\/?p=1286"},"modified":"2020-11-16T15:31:28","modified_gmt":"2020-11-16T14:31:28","slug":"creem-una-empresa","status":"publish","type":"post","link":"https:\/\/agora.xtec.cat\/escguillemisarn\/general\/creem-una-empresa\/","title":{"rendered":"CREEM UNA EMPRESA"},"content":{"rendered":"<p>L&#8217;alumnat de sis\u00e8 curs estem aprenent a crear una empresa. Aprofitant la Marat\u00f3 de TV3 hem creat una empresa amb l&#8217;objectiu de recaptar diners per la Marat\u00f3 dedicada aquest any a la C\u00f2vid 19. Elaborarem diferents manualitats nadalenques amb material reciclat que vendrem al nostre poble per obtenir beneficis. La nostra empresa t\u00e9 diferents seccions: producci\u00f3, publicitat, administrativa i comptable. El primer que vam fer va ser crear el nostre logo i el nom de l&#8217;Empresa.<\/p>\n<p>El logo guanyador ha estat el de la nostra companya Beatrice.<\/p>\n<p>Ah, per cert, la nostra empresa es diu PROTECT MASK i esperem que ens ajudeu tots i totes a recaptar for\u00e7a diners.<\/p>\n<p>Aqu\u00ed teniu el logo guanyador:<\/p>\n<p><a href=\"https:\/\/agora.xtec.cat\/escguillemisarn\/wp-content\/uploads\/usu1631\/2020\/11\/foto-marato.jpg\"><img loading=\"lazy\" decoding=\"async\" class=\"alignnone wp-image-1287 size-medium\" src=\"https:\/\/agora.xtec.cat\/escguillemisarn\/wp-content\/uploads\/usu1631\/2020\/11\/foto-marato-300x225.jpg\" alt=\"\" width=\"300\" height=\"225\" srcset=\"https:\/\/agora.xtec.cat\/escguillemisarn\/wp-content\/uploads\/usu1631\/2020\/11\/foto-marato-300x225.jpg 300w, https:\/\/agora.xtec.cat\/escguillemisarn\/wp-content\/uploads\/usu1631\/2020\/11\/foto-marato-768x576.jpg 768w, https:\/\/agora.xtec.cat\/escguillemisarn\/wp-content\/uploads\/usu1631\/2020\/11\/foto-marato-1024x768.jpg 1024w, https:\/\/agora.xtec.cat\/escguillemisarn\/wp-content\/uploads\/usu1631\/2020\/11\/foto-marato-200x150.jpg 200w\" sizes=\"auto, (max-width: 300px) 100vw, 300px\" \/><\/a><\/p>\n","protected":false},"excerpt":{"rendered":"<p>L&#8217;alumnat de sis\u00e8 curs estem aprenent a crear una empresa. Aprofitant la Marat\u00f3 de TV3 hem creat una empresa amb l&#8217;objectiu de recaptar diners per la Marat\u00f3 dedicada aquest any a la C\u00f2vid 19. Elaborarem diferents manualitats nadalenques amb material reciclat que vendrem al nostre&hellip;  <a href=\"https:\/\/agora.xtec.cat\/escguillemisarn\/general\/creem-una-empresa\/\" title=\"Read CREEM UNA EMPRESA\">Llegeix m\u00e9s\u00bb<\/a><\/p>\n","protected":false},"author":1,"featured_media":0,"comment_status":"open","ping_status":"closed","sticky":false,"template":"","format":"standard","meta":{"_bbp_topic_count":0,"_bbp_reply_count":0,"_bbp_total_topic_count":0,"_bbp_total_reply_count":0,"_bbp_voice_count":0,"_bbp_anonymous_reply_count":0,"_bbp_topic_count_hidden":0,"_bbp_reply_count_hidden":0,"_bbp_forum_subforum_count":0,"footnotes":""},"categories":[73,77,1,4],"tags":[],"class_list":["post-1286","post","type-post","status-publish","format-standard","hentry","category-cs","category-escola-verda","category-general","category-portada"],"post_mailing_queue_ids":[],"_links":{"self":[{"href":"https:\/\/agora.xtec.cat\/escguillemisarn\/wp-json\/wp\/v2\/posts\/1286","targetHints":{"allow":["GET"]}}],"collection":[{"href":"https:\/\/agora.xtec.cat\/escguillemisarn\/wp-json\/wp\/v2\/posts"}],"about":[{"href":"https:\/\/agora.xtec.cat\/escguillemisarn\/wp-json\/wp\/v2\/types\/post"}],"author":[{"embeddable":true,"href":"https:\/\/agora.xtec.cat\/escguillemisarn\/wp-json\/wp\/v2\/users\/1"}],"replies":[{"embeddable":true,"href":"https:\/\/agora.xtec.cat\/escguillemisarn\/wp-json\/wp\/v2\/comments?post=1286"}],"version-history":[{"count":1,"href":"https:\/\/agora.xtec.cat\/escguillemisarn\/wp-json\/wp\/v2\/posts\/1286\/revisions"}],"predecessor-version":[{"id":1288,"href":"https:\/\/agora.xtec.cat\/escguillemisarn\/wp-json\/wp\/v2\/posts\/1286\/revisions\/1288"}],"wp:attachment":[{"href":"https:\/\/agora.xtec.cat\/escguillemisarn\/wp-json\/wp\/v2\/media?parent=1286"}],"wp:term":[{"taxonomy":"category","embeddable":true,"href":"https:\/\/agora.xtec.cat\/escguillemisarn\/wp-json\/wp\/v2\/categories?post=1286"},{"taxonomy":"post_tag","embeddable":true,"href":"https:\/\/agora.xtec.cat\/escguillemisarn\/wp-json\/wp\/v2\/tags?post=1286"}],"curies":[{"name":"wp","href":"https:\/\/api.w.org\/{rel}","templated":true}]}}