{"id":1280,"date":"2020-11-10T09:17:27","date_gmt":"2020-11-10T08:17:27","guid":{"rendered":"https:\/\/agora.xtec.cat\/escguillemisarn\/?p=1280"},"modified":"2020-11-10T09:17:27","modified_gmt":"2020-11-10T08:17:27","slug":"els-cubs-de-rubik-den-robert","status":"publish","type":"post","link":"https:\/\/agora.xtec.cat\/escguillemisarn\/general\/els-cubs-de-rubik-den-robert\/","title":{"rendered":"Els cubs de rubik d&#8217;en Robert"},"content":{"rendered":"<p><a href=\"https:\/\/agora.xtec.cat\/escguillemisarn\/wp-content\/uploads\/usu1631\/2020\/11\/baixa.png\"><img loading=\"lazy\" decoding=\"async\" class=\"size-full wp-image-1281 alignleft\" src=\"https:\/\/agora.xtec.cat\/escguillemisarn\/wp-content\/uploads\/usu1631\/2020\/11\/baixa.png\" alt=\"\" width=\"220\" height=\"229\" \/><\/a>El Robert, el t\u00e8cnic en integraci\u00f3 social de l&#8217;escola, t\u00e9 una afici\u00f3 ben curiosa: confeccionar cubs de rubik. I ens els ha portat tots per ensenyar-nos-els. Hem gaudit molt perqu\u00e8 en t\u00e9 de molt especials i diferents.<\/p>\n<p>Aqu\u00ed podeu veure les fotografies de tots els cubs de rubik que ha aconseguit fer. Enhorabona Robert i moltes gr\u00e0cies!<\/p>\n<p><a href=\"https:\/\/photos.app.goo.gl\/7cApQqzWnLBBgh1k8\">https:\/\/photos.app.goo.gl\/7cApQqzWnLBBgh1k8<\/a><\/p>\n","protected":false},"excerpt":{"rendered":"<p><a href=\"https:\/\/agora.xtec.cat\/escguillemisarn\/wp-content\/uploads\/usu1631\/2020\/11\/baixa.png\"><\/a>El Robert, el t\u00e8cnic en integraci\u00f3 social de l&#8217;escola, t\u00e9 una afici\u00f3 ben curiosa: confeccionar cubs de rubik. I ens els ha portat tots per ensenyar-nos-els. Hem gaudit molt perqu\u00e8 en t\u00e9 de molt especials i diferents.<br \/>\nAqu\u00ed podeu veure les fotografies de tots els&hellip;  <a href=\"https:\/\/agora.xtec.cat\/escguillemisarn\/general\/els-cubs-de-rubik-den-robert\/\" title=\"Read Els cubs de rubik d&#8217;en Robert\">Llegeix m\u00e9s\u00bb<\/a><\/p>\n","protected":false},"author":18,"featured_media":0,"comment_status":"open","ping_status":"closed","sticky":false,"template":"","format":"standard","meta":{"_bbp_topic_count":0,"_bbp_reply_count":0,"_bbp_total_topic_count":0,"_bbp_total_reply_count":0,"_bbp_voice_count":0,"_bbp_anonymous_reply_count":0,"_bbp_topic_count_hidden":0,"_bbp_reply_count_hidden":0,"_bbp_forum_subforum_count":0,"footnotes":""},"categories":[73,1,4],"tags":[],"class_list":["post-1280","post","type-post","status-publish","format-standard","hentry","category-cs","category-general","category-portada"],"post_mailing_queue_ids":[],"_links":{"self":[{"href":"https:\/\/agora.xtec.cat\/escguillemisarn\/wp-json\/wp\/v2\/posts\/1280","targetHints":{"allow":["GET"]}}],"collection":[{"href":"https:\/\/agora.xtec.cat\/escguillemisarn\/wp-json\/wp\/v2\/posts"}],"about":[{"href":"https:\/\/agora.xtec.cat\/escguillemisarn\/wp-json\/wp\/v2\/types\/post"}],"author":[{"embeddable":true,"href":"https:\/\/agora.xtec.cat\/escguillemisarn\/wp-json\/wp\/v2\/users\/18"}],"replies":[{"embeddable":true,"href":"https:\/\/agora.xtec.cat\/escguillemisarn\/wp-json\/wp\/v2\/comments?post=1280"}],"version-history":[{"count":1,"href":"https:\/\/agora.xtec.cat\/escguillemisarn\/wp-json\/wp\/v2\/posts\/1280\/revisions"}],"predecessor-version":[{"id":1282,"href":"https:\/\/agora.xtec.cat\/escguillemisarn\/wp-json\/wp\/v2\/posts\/1280\/revisions\/1282"}],"wp:attachment":[{"href":"https:\/\/agora.xtec.cat\/escguillemisarn\/wp-json\/wp\/v2\/media?parent=1280"}],"wp:term":[{"taxonomy":"category","embeddable":true,"href":"https:\/\/agora.xtec.cat\/escguillemisarn\/wp-json\/wp\/v2\/categories?post=1280"},{"taxonomy":"post_tag","embeddable":true,"href":"https:\/\/agora.xtec.cat\/escguillemisarn\/wp-json\/wp\/v2\/tags?post=1280"}],"curies":[{"name":"wp","href":"https:\/\/api.w.org\/{rel}","templated":true}]}}