{"id":1272,"date":"2020-11-04T11:47:00","date_gmt":"2020-11-04T10:47:00","guid":{"rendered":"https:\/\/agora.xtec.cat\/escguillemisarn\/?p=1272"},"modified":"2020-11-04T11:54:13","modified_gmt":"2020-11-04T10:54:13","slug":"concurs-del-logotip-de-lafa","status":"publish","type":"post","link":"https:\/\/agora.xtec.cat\/escguillemisarn\/general\/concurs-del-logotip-de-lafa\/","title":{"rendered":"Concurs del logotip de l&#8217;AFA"},"content":{"rendered":"<p><a href=\"https:\/\/agora.xtec.cat\/escguillemisarn\/wp-content\/uploads\/usu1631\/2020\/11\/Concurs.jpg\"><img loading=\"lazy\" decoding=\"async\" class=\" wp-image-1274 alignleft\" src=\"https:\/\/agora.xtec.cat\/escguillemisarn\/wp-content\/uploads\/usu1631\/2020\/11\/Concurs.jpg\" alt=\"\" width=\"365\" height=\"251\" \/><\/a>L&#8217;AFA de la llar d&#8217;infants municipal &#8220;Els Barrufets&#8221; i de l&#8217;Escola Guillem Isarn van proposar que els alumnes des de P5 fins a 6\u00e8 els ajudessin a dissenyar el logotip que representaria l&#8217;AFA. Doncs els alumnes de 5\u00e8 ja han fet les seves propostes. Les voleu veure? Cliqueu a l&#8217;enlla\u00e7!<\/p>\n<p>La proposta creativa gira entorn de l&#8217;skyline de l&#8217;edifici que allotja les dues entitats educatives que representa l&#8217;AFA, la llar d&#8217;infants i l&#8217;escola d&#8217;infantil i prim\u00e0ria. Per aquest motiu s&#8217;ha pres com a base l&#8217;edifici que uneix aquestes dues entitats com a nexe d&#8217;uni\u00f3. Tamb\u00e9 cal recordar que el logotip de l&#8217;escola \u00e9s l&#8217;edifici escolar, per aquest motiu pensem que es veur\u00e0 una representaci\u00f3 molt potent mitjan\u00e7ant la semblan\u00e7a entre l&#8217;un i l&#8217;altre.<\/p>\n<p>Anem a veure les propostes creatives!<\/p>\n<p><a href=\"https:\/\/photos.app.goo.gl\/yKUkCZC69UThm4wq9\">https:\/\/photos.app.goo.gl\/yKUkCZC69UThm4wq9<\/a><\/p>\n","protected":false},"excerpt":{"rendered":"<p><a href=\"https:\/\/agora.xtec.cat\/escguillemisarn\/wp-content\/uploads\/usu1631\/2020\/11\/Concurs.jpg\"><\/a>L&#8217;AFA de la llar d&#8217;infants municipal &#8220;Els Barrufets&#8221; i de l&#8217;Escola Guillem Isarn van proposar que els alumnes des de P5 fins a 6\u00e8 els ajudessin a dissenyar el logotip que representaria l&#8217;AFA. Doncs els alumnes de 5\u00e8 ja han fet les seves propostes.&hellip;  <a href=\"https:\/\/agora.xtec.cat\/escguillemisarn\/general\/concurs-del-logotip-de-lafa\/\" title=\"Read Concurs del logotip de l&#8217;AFA\">Llegeix m\u00e9s\u00bb<\/a><\/p>\n","protected":false},"author":18,"featured_media":0,"comment_status":"open","ping_status":"closed","sticky":false,"template":"","format":"standard","meta":{"_bbp_topic_count":0,"_bbp_reply_count":0,"_bbp_total_topic_count":0,"_bbp_total_reply_count":0,"_bbp_voice_count":0,"_bbp_anonymous_reply_count":0,"_bbp_topic_count_hidden":0,"_bbp_reply_count_hidden":0,"_bbp_forum_subforum_count":0,"footnotes":""},"categories":[73,1,4],"tags":[],"class_list":["post-1272","post","type-post","status-publish","format-standard","hentry","category-cs","category-general","category-portada"],"post_mailing_queue_ids":[],"_links":{"self":[{"href":"https:\/\/agora.xtec.cat\/escguillemisarn\/wp-json\/wp\/v2\/posts\/1272","targetHints":{"allow":["GET"]}}],"collection":[{"href":"https:\/\/agora.xtec.cat\/escguillemisarn\/wp-json\/wp\/v2\/posts"}],"about":[{"href":"https:\/\/agora.xtec.cat\/escguillemisarn\/wp-json\/wp\/v2\/types\/post"}],"author":[{"embeddable":true,"href":"https:\/\/agora.xtec.cat\/escguillemisarn\/wp-json\/wp\/v2\/users\/18"}],"replies":[{"embeddable":true,"href":"https:\/\/agora.xtec.cat\/escguillemisarn\/wp-json\/wp\/v2\/comments?post=1272"}],"version-history":[{"count":2,"href":"https:\/\/agora.xtec.cat\/escguillemisarn\/wp-json\/wp\/v2\/posts\/1272\/revisions"}],"predecessor-version":[{"id":1275,"href":"https:\/\/agora.xtec.cat\/escguillemisarn\/wp-json\/wp\/v2\/posts\/1272\/revisions\/1275"}],"wp:attachment":[{"href":"https:\/\/agora.xtec.cat\/escguillemisarn\/wp-json\/wp\/v2\/media?parent=1272"}],"wp:term":[{"taxonomy":"category","embeddable":true,"href":"https:\/\/agora.xtec.cat\/escguillemisarn\/wp-json\/wp\/v2\/categories?post=1272"},{"taxonomy":"post_tag","embeddable":true,"href":"https:\/\/agora.xtec.cat\/escguillemisarn\/wp-json\/wp\/v2\/tags?post=1272"}],"curies":[{"name":"wp","href":"https:\/\/api.w.org\/{rel}","templated":true}]}}