{"id":1266,"date":"2020-11-03T20:10:26","date_gmt":"2020-11-03T19:10:26","guid":{"rendered":"https:\/\/agora.xtec.cat\/escguillemisarn\/?p=1266"},"modified":"2020-11-03T20:10:26","modified_gmt":"2020-11-03T19:10:26","slug":"ens-visita-el-president-del-c-e-la-fuliola-i-boldu","status":"publish","type":"post","link":"https:\/\/agora.xtec.cat\/escguillemisarn\/general\/ens-visita-el-president-del-c-e-la-fuliola-i-boldu\/","title":{"rendered":"Ens visita el President del C.E. La Fuliola i Bold\u00fa"},"content":{"rendered":"<p>Hola fam\u00edlies!!!<\/p>\n<p>Avui les nenes i els nens de 3r i 4t hem fet els nostres primers intents en l&#8217;apassionant m\u00f3n del periodisme. Hem entrevistat al Sr. Jordi Pin\u00f3s, President del Club Esportiu La Fuliola i Bold\u00fa. Li hem fet un munt de preguntes i hem apr\u00e8s moltes coses que no sab\u00edem.\u00a0 Ah i ens ha portat una sorpresa: UNA BUFANDA DEL CLUB!!!! \u00c9s x\u00fal\u00edssima i ja l&#8217;hem penjada a la classe.<\/p>\n<p>Li agra\u00efm molt\u00edssim que hagi passat la tarda amb nosaltres!! Ha estat genial!!<\/p>\n<p><a href=\"https:\/\/photos.app.goo.gl\/uY4Un6bJdc1i9zxk6\">https:\/\/photos.app.goo.gl\/uY4Un6bJdc1i9zxk6<\/a><\/p>\n","protected":false},"excerpt":{"rendered":"<p>Hola fam\u00edlies!!!<br \/>\nAvui les nenes i els nens de 3r i 4t hem fet els nostres primers intents en l&#8217;apassionant m\u00f3n del periodisme. Hem entrevistat al Sr. Jordi Pin\u00f3s, President del Club Esportiu La Fuliola i Bold\u00fa. Li hem fet un munt de preguntes i hem&hellip;  <a href=\"https:\/\/agora.xtec.cat\/escguillemisarn\/general\/ens-visita-el-president-del-c-e-la-fuliola-i-boldu\/\" title=\"Read Ens visita el President del C.E. La Fuliola i Bold\u00fa\">Llegeix m\u00e9s\u00bb<\/a><\/p>\n","protected":false},"author":11,"featured_media":0,"comment_status":"open","ping_status":"closed","sticky":false,"template":"","format":"standard","meta":{"_bbp_topic_count":0,"_bbp_reply_count":0,"_bbp_total_topic_count":0,"_bbp_total_reply_count":0,"_bbp_voice_count":0,"_bbp_anonymous_reply_count":0,"_bbp_topic_count_hidden":0,"_bbp_reply_count_hidden":0,"_bbp_forum_subforum_count":0,"footnotes":""},"categories":[72,1,5,75],"tags":[],"class_list":["post-1266","post","type-post","status-publish","format-standard","hentry","category-cm","category-general","category-primaria","category-p-ciutadania"],"post_mailing_queue_ids":[],"_links":{"self":[{"href":"https:\/\/agora.xtec.cat\/escguillemisarn\/wp-json\/wp\/v2\/posts\/1266","targetHints":{"allow":["GET"]}}],"collection":[{"href":"https:\/\/agora.xtec.cat\/escguillemisarn\/wp-json\/wp\/v2\/posts"}],"about":[{"href":"https:\/\/agora.xtec.cat\/escguillemisarn\/wp-json\/wp\/v2\/types\/post"}],"author":[{"embeddable":true,"href":"https:\/\/agora.xtec.cat\/escguillemisarn\/wp-json\/wp\/v2\/users\/11"}],"replies":[{"embeddable":true,"href":"https:\/\/agora.xtec.cat\/escguillemisarn\/wp-json\/wp\/v2\/comments?post=1266"}],"version-history":[{"count":2,"href":"https:\/\/agora.xtec.cat\/escguillemisarn\/wp-json\/wp\/v2\/posts\/1266\/revisions"}],"predecessor-version":[{"id":1271,"href":"https:\/\/agora.xtec.cat\/escguillemisarn\/wp-json\/wp\/v2\/posts\/1266\/revisions\/1271"}],"wp:attachment":[{"href":"https:\/\/agora.xtec.cat\/escguillemisarn\/wp-json\/wp\/v2\/media?parent=1266"}],"wp:term":[{"taxonomy":"category","embeddable":true,"href":"https:\/\/agora.xtec.cat\/escguillemisarn\/wp-json\/wp\/v2\/categories?post=1266"},{"taxonomy":"post_tag","embeddable":true,"href":"https:\/\/agora.xtec.cat\/escguillemisarn\/wp-json\/wp\/v2\/tags?post=1266"}],"curies":[{"name":"wp","href":"https:\/\/api.w.org\/{rel}","templated":true}]}}