{"id":1264,"date":"2020-11-03T15:23:30","date_gmt":"2020-11-03T14:23:30","guid":{"rendered":"https:\/\/agora.xtec.cat\/escguillemisarn\/?p=1264"},"modified":"2020-11-03T15:23:30","modified_gmt":"2020-11-03T14:23:30","slug":"halloween-2020","status":"publish","type":"post","link":"https:\/\/agora.xtec.cat\/escguillemisarn\/general\/halloween-2020\/","title":{"rendered":"HALLOWEEN 2020"},"content":{"rendered":"<p>Aquest curs tamb\u00e9 hem volgut celebrar la festa de Halloween, tot i que la COVID ens ha obligar a celebrar-ho d&#8217;una manera diferent tot respectant els diferents grups bombolla.<\/p>\n<p>Tot i aix\u00f2 l&#8217;alumnat de les diferents classes han fet una activitat relacionada amb la tem\u00e0tica de la celebraci\u00f3 (Who took the Candy from the trick or treat bag?) i han buscat una disfressa adequada.<\/p>\n<p>Si no teniu por, aqu\u00ed teniu els nostres alumnes i mestres disfressats. Enhorabona a tots i totes!!! Esteu guap\u00edssims i terror\u00edficssssss!!!<\/p>\n<p><a href=\"https:\/\/photos.app.goo.gl\/uGzy1aTUgSREh4G88\">https:\/\/photos.app.goo.gl\/uGzy1aTUgSREh4G88<\/a><\/p>\n","protected":false},"excerpt":{"rendered":"<p>Aquest curs tamb\u00e9 hem volgut celebrar la festa de Halloween, tot i que la COVID ens ha obligar a celebrar-ho d&#8217;una manera diferent tot respectant els diferents grups bombolla.<br \/>\nTot i aix\u00f2 l&#8217;alumnat de les diferents classes han fet una activitat relacionada amb la tem\u00e0tica de&hellip;  <a href=\"https:\/\/agora.xtec.cat\/escguillemisarn\/general\/halloween-2020\/\" title=\"Read HALLOWEEN 2020\">Llegeix m\u00e9s\u00bb<\/a><\/p>\n","protected":false},"author":1,"featured_media":0,"comment_status":"open","ping_status":"closed","sticky":false,"template":"","format":"standard","meta":{"_bbp_topic_count":0,"_bbp_reply_count":0,"_bbp_total_topic_count":0,"_bbp_total_reply_count":0,"_bbp_voice_count":0,"_bbp_anonymous_reply_count":0,"_bbp_topic_count_hidden":0,"_bbp_reply_count_hidden":0,"_bbp_forum_subforum_count":0,"footnotes":""},"categories":[1,2,4,5],"tags":[],"class_list":["post-1264","post","type-post","status-publish","format-standard","hentry","category-general","category-infantil","category-portada","category-primaria"],"post_mailing_queue_ids":[],"_links":{"self":[{"href":"https:\/\/agora.xtec.cat\/escguillemisarn\/wp-json\/wp\/v2\/posts\/1264","targetHints":{"allow":["GET"]}}],"collection":[{"href":"https:\/\/agora.xtec.cat\/escguillemisarn\/wp-json\/wp\/v2\/posts"}],"about":[{"href":"https:\/\/agora.xtec.cat\/escguillemisarn\/wp-json\/wp\/v2\/types\/post"}],"author":[{"embeddable":true,"href":"https:\/\/agora.xtec.cat\/escguillemisarn\/wp-json\/wp\/v2\/users\/1"}],"replies":[{"embeddable":true,"href":"https:\/\/agora.xtec.cat\/escguillemisarn\/wp-json\/wp\/v2\/comments?post=1264"}],"version-history":[{"count":1,"href":"https:\/\/agora.xtec.cat\/escguillemisarn\/wp-json\/wp\/v2\/posts\/1264\/revisions"}],"predecessor-version":[{"id":1265,"href":"https:\/\/agora.xtec.cat\/escguillemisarn\/wp-json\/wp\/v2\/posts\/1264\/revisions\/1265"}],"wp:attachment":[{"href":"https:\/\/agora.xtec.cat\/escguillemisarn\/wp-json\/wp\/v2\/media?parent=1264"}],"wp:term":[{"taxonomy":"category","embeddable":true,"href":"https:\/\/agora.xtec.cat\/escguillemisarn\/wp-json\/wp\/v2\/categories?post=1264"},{"taxonomy":"post_tag","embeddable":true,"href":"https:\/\/agora.xtec.cat\/escguillemisarn\/wp-json\/wp\/v2\/tags?post=1264"}],"curies":[{"name":"wp","href":"https:\/\/api.w.org\/{rel}","templated":true}]}}