{"id":1247,"date":"2020-10-23T11:48:41","date_gmt":"2020-10-23T09:48:41","guid":{"rendered":"https:\/\/agora.xtec.cat\/escguillemisarn\/?p=1247"},"modified":"2020-10-23T11:48:41","modified_gmt":"2020-10-23T09:48:41","slug":"treballem-els-haikus","status":"publish","type":"post","link":"https:\/\/agora.xtec.cat\/escguillemisarn\/general\/treballem-els-haikus\/","title":{"rendered":"Treballem els haikus."},"content":{"rendered":"<h6>Dins l\u2019\u00e0mbit de valors, aquestes primeres setmanes hem treballat din\u00e0miques d\u2019educaci\u00f3 emocional i hem vist la import\u00e0ncia de la natura en les nostres vides. Per acabar aquestes din\u00e0miques, tots els cursos han escrit un HAIKU, poema japon\u00e8s, estructurat amb 3 versos i cada vers amb 5-7-5 s\u00edl\u00b7labes.<\/h6>\n<h6>Us deixem el resultat del treball de l\u2019alumnat conjuntament amb els mestres.<\/h6>\n<table style=\"width: 616px; height: 729px;\">\n<tbody>\n<tr>\n<td style=\"width: 303px;\"><strong>1r.<\/strong><\/p>\n<p>Quan \u00e9s la tardor<\/p>\n<p>totes les fulles cauen<\/p>\n<p>i cargols surten.<\/td>\n<td style=\"width: 305px;\"><strong>2n.<\/strong><\/p>\n<p>Fa fred i plou,<\/p>\n<p>i els pardals segueixen cantant.<\/p>\n<p>Estem a la tardor.<\/td>\n<\/tr>\n<tr>\n<td style=\"width: 303px;\"><strong>3r.<\/strong><\/p>\n<p>El fred arriba,<\/p>\n<p>encenem la llar de foc.<\/p>\n<p>Estem a l\u2019hivern.<\/td>\n<td style=\"width: 305px;\"><strong>4tA<\/strong><\/p>\n<p>Les fulles cauen.<\/p>\n<p>Els ocells marxen pel fred.<\/p>\n<p>Ja ve la tardor!<\/td>\n<\/tr>\n<tr>\n<td style=\"width: 303px;\"><strong>4rB<\/strong><\/p>\n<p>Pel mat\u00ed brillen<\/p>\n<p>els colors dels colibr\u00eds.<\/p>\n<p>Per la nit marxen.<\/td>\n<td style=\"width: 305px;\"><strong>5\u00e8<\/strong><\/p>\n<p>Les gotes cauen,<\/p>\n<p>al riu pl\u00e0cidament<\/p>\n<p>i omplen el mar.<\/td>\n<\/tr>\n<tr>\n<td style=\"width: 303px;\"><strong>6\u00e8<\/strong><\/p>\n<p>Les fulles cauen<\/p>\n<p>i els bolets s\u2019hi amaguen.<\/p>\n<p>\u00c9s tardor, fa fred.<\/td>\n<td style=\"width: 305px;\"><\/td>\n<\/tr>\n<\/tbody>\n<\/table>\n<p>&nbsp;<\/p>\n<p>&nbsp;<\/p>\n<p>&nbsp;<\/p>\n<p>&nbsp;<\/p>\n<p>&nbsp;<\/p>\n<p>&nbsp;<\/p>\n<p>&nbsp;<\/p>\n<p>&nbsp;<\/p>\n","protected":false},"excerpt":{"rendered":"<p>Dins l\u2019\u00e0mbit de valors, aquestes primeres setmanes hem treballat din\u00e0miques d\u2019educaci\u00f3 emocional i hem vist la import\u00e0ncia de la natura en les nostres vides. Per acabar aquestes din\u00e0miques, tots els cursos han escrit un HAIKU, poema japon\u00e8s, estructurat amb 3 versos i cada vers amb&hellip;  <a href=\"https:\/\/agora.xtec.cat\/escguillemisarn\/general\/treballem-els-haikus\/\" title=\"Read Treballem els haikus.\">Llegeix m\u00e9s\u00bb<\/a><\/p>\n","protected":false},"author":1,"featured_media":0,"comment_status":"open","ping_status":"closed","sticky":false,"template":"","format":"standard","meta":{"_bbp_topic_count":0,"_bbp_reply_count":0,"_bbp_total_topic_count":0,"_bbp_total_reply_count":0,"_bbp_voice_count":0,"_bbp_anonymous_reply_count":0,"_bbp_topic_count_hidden":0,"_bbp_reply_count_hidden":0,"_bbp_forum_subforum_count":0,"footnotes":""},"categories":[71,72,73,79,1,4],"tags":[],"class_list":["post-1247","post","type-post","status-publish","format-standard","hentry","category-ci","category-cm","category-cs","category-foment-de-la-lectura","category-general","category-portada"],"post_mailing_queue_ids":[],"_links":{"self":[{"href":"https:\/\/agora.xtec.cat\/escguillemisarn\/wp-json\/wp\/v2\/posts\/1247","targetHints":{"allow":["GET"]}}],"collection":[{"href":"https:\/\/agora.xtec.cat\/escguillemisarn\/wp-json\/wp\/v2\/posts"}],"about":[{"href":"https:\/\/agora.xtec.cat\/escguillemisarn\/wp-json\/wp\/v2\/types\/post"}],"author":[{"embeddable":true,"href":"https:\/\/agora.xtec.cat\/escguillemisarn\/wp-json\/wp\/v2\/users\/1"}],"replies":[{"embeddable":true,"href":"https:\/\/agora.xtec.cat\/escguillemisarn\/wp-json\/wp\/v2\/comments?post=1247"}],"version-history":[{"count":1,"href":"https:\/\/agora.xtec.cat\/escguillemisarn\/wp-json\/wp\/v2\/posts\/1247\/revisions"}],"predecessor-version":[{"id":1248,"href":"https:\/\/agora.xtec.cat\/escguillemisarn\/wp-json\/wp\/v2\/posts\/1247\/revisions\/1248"}],"wp:attachment":[{"href":"https:\/\/agora.xtec.cat\/escguillemisarn\/wp-json\/wp\/v2\/media?parent=1247"}],"wp:term":[{"taxonomy":"category","embeddable":true,"href":"https:\/\/agora.xtec.cat\/escguillemisarn\/wp-json\/wp\/v2\/categories?post=1247"},{"taxonomy":"post_tag","embeddable":true,"href":"https:\/\/agora.xtec.cat\/escguillemisarn\/wp-json\/wp\/v2\/tags?post=1247"}],"curies":[{"name":"wp","href":"https:\/\/api.w.org\/{rel}","templated":true}]}}