{"id":1236,"date":"2020-10-21T12:52:58","date_gmt":"2020-10-21T10:52:58","guid":{"rendered":"https:\/\/agora.xtec.cat\/escguillemisarn\/?p=1236"},"modified":"2020-10-21T15:48:57","modified_gmt":"2020-10-21T13:48:57","slug":"lhort-de-cicle-superior","status":"publish","type":"post","link":"https:\/\/agora.xtec.cat\/escguillemisarn\/general\/lhort-de-cicle-superior\/","title":{"rendered":"L&#8217;HORT DE CICLE SUPERIOR"},"content":{"rendered":"<p>Aquests dies hem estat preparant l&#8217;hort per plantar-hi algunes coses. Els alumnes de 6\u00e8 van remoure la terra i treure les males herbes que hi havia per sobre. I, els alumnes de 5\u00e8 van omplir el palet amb la terra nova que ten\u00edem preparada i que li feia falta.<\/p>\n<p>Ahir vam anar a plantar. A veure que ens surt!! Hem plantat: alls, porros, br\u00f2quil, escarola, enciam, col, bledes i espinacs.<br \/>\nA l\u2019enlla\u00e7 podreu veure un petit recull de fotos:<\/p>\n<p><a href=\"https:\/\/photos.app.goo.gl\/k12LppcQLQ3ALvbn7\">https:\/\/photos.app.goo.gl\/k12LppcQLQ3ALvbn7<\/a><\/p>\n","protected":false},"excerpt":{"rendered":"<p>Aquests dies hem estat preparant l&#8217;hort per plantar-hi algunes coses. Els alumnes de 6\u00e8 van remoure la terra i treure les males herbes que hi havia per sobre. I, els alumnes de 5\u00e8 van omplir el palet amb la terra nova que ten\u00edem preparada i&hellip;  <a href=\"https:\/\/agora.xtec.cat\/escguillemisarn\/general\/lhort-de-cicle-superior\/\" title=\"Read L&#8217;HORT DE CICLE SUPERIOR\">Llegeix m\u00e9s\u00bb<\/a><\/p>\n","protected":false},"author":1,"featured_media":0,"comment_status":"open","ping_status":"closed","sticky":false,"template":"","format":"standard","meta":{"_bbp_topic_count":0,"_bbp_reply_count":0,"_bbp_total_topic_count":0,"_bbp_total_reply_count":0,"_bbp_voice_count":0,"_bbp_anonymous_reply_count":0,"_bbp_topic_count_hidden":0,"_bbp_reply_count_hidden":0,"_bbp_forum_subforum_count":0,"footnotes":""},"categories":[73,77,1,5],"tags":[],"class_list":["post-1236","post","type-post","status-publish","format-standard","hentry","category-cs","category-escola-verda","category-general","category-primaria"],"post_mailing_queue_ids":[],"_links":{"self":[{"href":"https:\/\/agora.xtec.cat\/escguillemisarn\/wp-json\/wp\/v2\/posts\/1236","targetHints":{"allow":["GET"]}}],"collection":[{"href":"https:\/\/agora.xtec.cat\/escguillemisarn\/wp-json\/wp\/v2\/posts"}],"about":[{"href":"https:\/\/agora.xtec.cat\/escguillemisarn\/wp-json\/wp\/v2\/types\/post"}],"author":[{"embeddable":true,"href":"https:\/\/agora.xtec.cat\/escguillemisarn\/wp-json\/wp\/v2\/users\/1"}],"replies":[{"embeddable":true,"href":"https:\/\/agora.xtec.cat\/escguillemisarn\/wp-json\/wp\/v2\/comments?post=1236"}],"version-history":[{"count":2,"href":"https:\/\/agora.xtec.cat\/escguillemisarn\/wp-json\/wp\/v2\/posts\/1236\/revisions"}],"predecessor-version":[{"id":1242,"href":"https:\/\/agora.xtec.cat\/escguillemisarn\/wp-json\/wp\/v2\/posts\/1236\/revisions\/1242"}],"wp:attachment":[{"href":"https:\/\/agora.xtec.cat\/escguillemisarn\/wp-json\/wp\/v2\/media?parent=1236"}],"wp:term":[{"taxonomy":"category","embeddable":true,"href":"https:\/\/agora.xtec.cat\/escguillemisarn\/wp-json\/wp\/v2\/categories?post=1236"},{"taxonomy":"post_tag","embeddable":true,"href":"https:\/\/agora.xtec.cat\/escguillemisarn\/wp-json\/wp\/v2\/tags?post=1236"}],"curies":[{"name":"wp","href":"https:\/\/api.w.org\/{rel}","templated":true}]}}