{"id":1222,"date":"2020-10-17T19:33:50","date_gmt":"2020-10-17T17:33:50","guid":{"rendered":"https:\/\/agora.xtec.cat\/escguillemisarn\/?p=1222"},"modified":"2020-10-17T19:35:46","modified_gmt":"2020-10-17T17:35:46","slug":"treballem-treballem-que-lhort-guanyarem","status":"publish","type":"post","link":"https:\/\/agora.xtec.cat\/escguillemisarn\/general\/treballem-treballem-que-lhort-guanyarem\/","title":{"rendered":"Treballem, treballem que l&#8217;hort guanyarem!"},"content":{"rendered":"<p>Aquesta setmana l&#8217;alumnat de cicle mitj\u00e0 hem comen\u00e7at a preparar l&#8217;hort. Hem afegit terra i hem llaurat per deixar-ho tot enllestit i aix\u00ed poder plantar. Per cert, a l&#8217;acabar ens hem netejat molt b\u00e9 les mans.<\/p>\n<p><a href=\"https:\/\/photos.google.com\/u\/1\/share\/AF1QipM8DEVM9VDJitQWYdykMHI3gnjqKb93slKbnH_bMiivQejM788eCFhQDd9KOz-Q_g?key=Q3BWaFNKdERVTENDVkVYR1FjX2FjaXByT2l0VC1n\">https:\/\/photos.google.com\/u\/1\/share\/AF1QipM8DEVM9VDJitQWYdykMHI3gnjqKb93slKbnH_bMiivQejM788eCFhQDd9KOz-Q_g?key=Q3BWaFNKdERVTENDVkVYR1FjX2FjaXByT2l0VC1n<\/a><\/p>\n","protected":false},"excerpt":{"rendered":"<p>Aquesta setmana l&#8217;alumnat de cicle mitj\u00e0 hem comen\u00e7at a preparar l&#8217;hort. Hem afegit terra i hem llaurat per deixar-ho tot enllestit i aix\u00ed poder plantar. Per cert, a l&#8217;acabar ens hem netejat molt b\u00e9 les mans.<br \/>\n<a href=\"https:\/\/photos.google.com\/u\/1\/share\/AF1QipM8DEVM9VDJitQWYdykMHI3gnjqKb93slKbnH_bMiivQejM788eCFhQDd9KOz-Q_g?key=Q3BWaFNKdERVTENDVkVYR1FjX2FjaXByT2l0VC1n\">https:\/\/photos.google.com\/u\/1\/share\/AF1QipM8DEVM9VDJitQWYdykMHI3gnjqKb93slKbnH_bMiivQejM788eCFhQDd9KOz-Q_g?key=Q3BWaFNKdERVTENDVkVYR1FjX2FjaXByT2l0VC1n<\/a><\/p>\n","protected":false},"author":1,"featured_media":0,"comment_status":"open","ping_status":"closed","sticky":false,"template":"","format":"standard","meta":{"_bbp_topic_count":0,"_bbp_reply_count":0,"_bbp_total_topic_count":0,"_bbp_total_reply_count":0,"_bbp_voice_count":0,"_bbp_anonymous_reply_count":0,"_bbp_topic_count_hidden":0,"_bbp_reply_count_hidden":0,"_bbp_forum_subforum_count":0,"footnotes":""},"categories":[72,77,1,4,5],"tags":[],"class_list":["post-1222","post","type-post","status-publish","format-standard","hentry","category-cm","category-escola-verda","category-general","category-portada","category-primaria"],"post_mailing_queue_ids":[],"_links":{"self":[{"href":"https:\/\/agora.xtec.cat\/escguillemisarn\/wp-json\/wp\/v2\/posts\/1222","targetHints":{"allow":["GET"]}}],"collection":[{"href":"https:\/\/agora.xtec.cat\/escguillemisarn\/wp-json\/wp\/v2\/posts"}],"about":[{"href":"https:\/\/agora.xtec.cat\/escguillemisarn\/wp-json\/wp\/v2\/types\/post"}],"author":[{"embeddable":true,"href":"https:\/\/agora.xtec.cat\/escguillemisarn\/wp-json\/wp\/v2\/users\/1"}],"replies":[{"embeddable":true,"href":"https:\/\/agora.xtec.cat\/escguillemisarn\/wp-json\/wp\/v2\/comments?post=1222"}],"version-history":[{"count":3,"href":"https:\/\/agora.xtec.cat\/escguillemisarn\/wp-json\/wp\/v2\/posts\/1222\/revisions"}],"predecessor-version":[{"id":1225,"href":"https:\/\/agora.xtec.cat\/escguillemisarn\/wp-json\/wp\/v2\/posts\/1222\/revisions\/1225"}],"wp:attachment":[{"href":"https:\/\/agora.xtec.cat\/escguillemisarn\/wp-json\/wp\/v2\/media?parent=1222"}],"wp:term":[{"taxonomy":"category","embeddable":true,"href":"https:\/\/agora.xtec.cat\/escguillemisarn\/wp-json\/wp\/v2\/categories?post=1222"},{"taxonomy":"post_tag","embeddable":true,"href":"https:\/\/agora.xtec.cat\/escguillemisarn\/wp-json\/wp\/v2\/tags?post=1222"}],"curies":[{"name":"wp","href":"https:\/\/api.w.org\/{rel}","templated":true}]}}