{"id":1204,"date":"2020-10-07T13:08:47","date_gmt":"2020-10-07T11:08:47","guid":{"rendered":"https:\/\/agora.xtec.cat\/escguillemisarn\/?p=1204"},"modified":"2020-10-08T13:09:11","modified_gmt":"2020-10-08T11:09:11","slug":"comencem-racons","status":"publish","type":"post","link":"https:\/\/agora.xtec.cat\/escguillemisarn\/general\/comencem-racons\/","title":{"rendered":"COMENCEM RACONS!"},"content":{"rendered":"<p>Aquesta setmana l&#8217;alumnat de 4t ha comen\u00e7at els racons de llengua catalana i matem\u00e0tiques. Tot i la situaci\u00f3 actual, les ganes d&#8217;aprendre i passar-s&#8217;ho b\u00e9 no falten.<\/p>\n<p>&nbsp;<\/p>\n<p>Aqu\u00ed en teniu una petita mostra<\/p>\n<p><a href=\"https:\/\/photos.app.goo.gl\/hRjZHGgDX9AnNNku8\" target=\"_blank\" rel=\"noopener noreferrer\">https:\/\/photos.google.com\/u\/1\/album\/AF1QipPSOvLQiJBU_OVeXT0KPU0xRTk5d5IEiDriihGn<\/a><\/p>\n","protected":false},"excerpt":{"rendered":"<p>Aquesta setmana l&#8217;alumnat de 4t ha comen\u00e7at els racons de llengua catalana i matem\u00e0tiques. Tot i la situaci\u00f3 actual, les ganes d&#8217;aprendre i passar-s&#8217;ho b\u00e9 no falten.<br \/>\n&nbsp;<br \/>\nAqu\u00ed en teniu una petita mostra<br \/>\n<a href=\"https:\/\/photos.app.goo.gl\/hRjZHGgDX9AnNNku8\" target=\"_blank\" rel=\"noopener noreferrer\">https:\/\/photos.google.com\/u\/1\/album\/AF1QipPSOvLQiJBU_OVeXT0KPU0xRTk5d5IEiDriihGn<\/a><\/p>\n","protected":false},"author":1,"featured_media":0,"comment_status":"open","ping_status":"closed","sticky":false,"template":"","format":"standard","meta":{"_bbp_topic_count":0,"_bbp_reply_count":0,"_bbp_total_topic_count":0,"_bbp_total_reply_count":0,"_bbp_voice_count":0,"_bbp_anonymous_reply_count":0,"_bbp_topic_count_hidden":0,"_bbp_reply_count_hidden":0,"_bbp_forum_subforum_count":0,"footnotes":""},"categories":[72,1,4,5,80],"tags":[],"class_list":["post-1204","post","type-post","status-publish","format-standard","hentry","category-cm","category-general","category-portada","category-primaria","category-racons"],"post_mailing_queue_ids":[],"_links":{"self":[{"href":"https:\/\/agora.xtec.cat\/escguillemisarn\/wp-json\/wp\/v2\/posts\/1204","targetHints":{"allow":["GET"]}}],"collection":[{"href":"https:\/\/agora.xtec.cat\/escguillemisarn\/wp-json\/wp\/v2\/posts"}],"about":[{"href":"https:\/\/agora.xtec.cat\/escguillemisarn\/wp-json\/wp\/v2\/types\/post"}],"author":[{"embeddable":true,"href":"https:\/\/agora.xtec.cat\/escguillemisarn\/wp-json\/wp\/v2\/users\/1"}],"replies":[{"embeddable":true,"href":"https:\/\/agora.xtec.cat\/escguillemisarn\/wp-json\/wp\/v2\/comments?post=1204"}],"version-history":[{"count":3,"href":"https:\/\/agora.xtec.cat\/escguillemisarn\/wp-json\/wp\/v2\/posts\/1204\/revisions"}],"predecessor-version":[{"id":1210,"href":"https:\/\/agora.xtec.cat\/escguillemisarn\/wp-json\/wp\/v2\/posts\/1204\/revisions\/1210"}],"wp:attachment":[{"href":"https:\/\/agora.xtec.cat\/escguillemisarn\/wp-json\/wp\/v2\/media?parent=1204"}],"wp:term":[{"taxonomy":"category","embeddable":true,"href":"https:\/\/agora.xtec.cat\/escguillemisarn\/wp-json\/wp\/v2\/categories?post=1204"},{"taxonomy":"post_tag","embeddable":true,"href":"https:\/\/agora.xtec.cat\/escguillemisarn\/wp-json\/wp\/v2\/tags?post=1204"}],"curies":[{"name":"wp","href":"https:\/\/api.w.org\/{rel}","templated":true}]}}