{"id":1180,"date":"2020-09-25T13:05:02","date_gmt":"2020-09-25T11:05:02","guid":{"rendered":"https:\/\/agora.xtec.cat\/escguillemisarn\/?p=1180"},"modified":"2020-09-25T13:05:02","modified_gmt":"2020-09-25T11:05:02","slug":"els-primers-dies-descola","status":"publish","type":"post","link":"https:\/\/agora.xtec.cat\/escguillemisarn\/general\/els-primers-dies-descola\/","title":{"rendered":"ELS PRIMERS DIES D&#8217;ESCOLA&#8230;"},"content":{"rendered":"<p>Comen\u00e7a l&#8217;escola! Uns ho fan per primer cop, d&#8217;altres es retroben amb companys i companyes&#8230; un curs amb alguns canvis i pr\u00e0ctiques diferents degut a la situaci\u00f3 en que ens trobem. Per\u00f2 val a dir, que tots els infants han comen\u00e7at amb molta il\u00b7lusi\u00f3 i amb una gran rialla. Se&#8217;ns dubte, tenien moltes ganes de tornar a l&#8217;escola i aix\u00f2 ens fa sentir molt feli\u00e7os i ens d\u00f3na molts \u00e0nims per tirar-ho tot endavant. Avui us volem donar les gr\u00e0cies a vosaltres, nens i nenes, per la vostra alegria i per lo b\u00e9 que ho esteu fent! Us deixem aquestes fotos dels primers dies perqu\u00e8 les compartiu amb les vostres fam\u00edlies i amics. Segur que els podreu explicar moltes coses&#8230;<\/p>\n<p><a href=\"https:\/\/photos.app.goo.gl\/z9w5QCw3YVvrDshd7\">https:\/\/photos.app.goo.gl\/z9w5QCw3YVvrDshd7<\/a><\/p>\n","protected":false},"excerpt":{"rendered":"<p>Comen\u00e7a l&#8217;escola! Uns ho fan per primer cop, d&#8217;altres es retroben amb companys i companyes&#8230; un curs amb alguns canvis i pr\u00e0ctiques diferents degut a la situaci\u00f3 en que ens trobem. Per\u00f2 val a dir, que tots els infants han comen\u00e7at amb molta il\u00b7lusi\u00f3 i&hellip;  <a href=\"https:\/\/agora.xtec.cat\/escguillemisarn\/general\/els-primers-dies-descola\/\" title=\"Read ELS PRIMERS DIES D&#8217;ESCOLA&#8230;\">Llegeix m\u00e9s\u00bb<\/a><\/p>\n","protected":false},"author":14,"featured_media":0,"comment_status":"open","ping_status":"closed","sticky":false,"template":"","format":"standard","meta":{"_bbp_topic_count":0,"_bbp_reply_count":0,"_bbp_total_topic_count":0,"_bbp_total_reply_count":0,"_bbp_voice_count":0,"_bbp_anonymous_reply_count":0,"_bbp_topic_count_hidden":0,"_bbp_reply_count_hidden":0,"_bbp_forum_subforum_count":0,"footnotes":""},"categories":[1,2,4],"tags":[],"class_list":["post-1180","post","type-post","status-publish","format-standard","hentry","category-general","category-infantil","category-portada"],"post_mailing_queue_ids":[],"_links":{"self":[{"href":"https:\/\/agora.xtec.cat\/escguillemisarn\/wp-json\/wp\/v2\/posts\/1180","targetHints":{"allow":["GET"]}}],"collection":[{"href":"https:\/\/agora.xtec.cat\/escguillemisarn\/wp-json\/wp\/v2\/posts"}],"about":[{"href":"https:\/\/agora.xtec.cat\/escguillemisarn\/wp-json\/wp\/v2\/types\/post"}],"author":[{"embeddable":true,"href":"https:\/\/agora.xtec.cat\/escguillemisarn\/wp-json\/wp\/v2\/users\/14"}],"replies":[{"embeddable":true,"href":"https:\/\/agora.xtec.cat\/escguillemisarn\/wp-json\/wp\/v2\/comments?post=1180"}],"version-history":[{"count":3,"href":"https:\/\/agora.xtec.cat\/escguillemisarn\/wp-json\/wp\/v2\/posts\/1180\/revisions"}],"predecessor-version":[{"id":1183,"href":"https:\/\/agora.xtec.cat\/escguillemisarn\/wp-json\/wp\/v2\/posts\/1180\/revisions\/1183"}],"wp:attachment":[{"href":"https:\/\/agora.xtec.cat\/escguillemisarn\/wp-json\/wp\/v2\/media?parent=1180"}],"wp:term":[{"taxonomy":"category","embeddable":true,"href":"https:\/\/agora.xtec.cat\/escguillemisarn\/wp-json\/wp\/v2\/categories?post=1180"},{"taxonomy":"post_tag","embeddable":true,"href":"https:\/\/agora.xtec.cat\/escguillemisarn\/wp-json\/wp\/v2\/tags?post=1180"}],"curies":[{"name":"wp","href":"https:\/\/api.w.org\/{rel}","templated":true}]}}