{"id":1150,"date":"2020-06-19T20:34:33","date_gmt":"2020-06-19T18:34:33","guid":{"rendered":"https:\/\/agora.xtec.cat\/escguillemisarn\/?p=1150"},"modified":"2020-06-19T20:34:33","modified_gmt":"2020-06-19T18:34:33","slug":"protagonista-6e","status":"publish","type":"post","link":"https:\/\/agora.xtec.cat\/escguillemisarn\/general\/protagonista-6e\/","title":{"rendered":"PROTAGONISTA 6\u00e8"},"content":{"rendered":"<p><strong><span style=\"color: #000000;\"><span style=\"font-family: Calibri, sans-serif;\"><span style=\"font-size: medium;\">Com ja \u00e9s tradici\u00f3, els\/les <\/span><\/span><\/span><\/strong><strong><span style=\"color: #000000;\"><span style=\"font-family: Calibri, sans-serif;\"><span style=\"font-size: medium;\"><u>alumnes de 6\u00e8 esdeven<\/u><\/span><\/span><\/span><\/strong><strong><span style=\"color: #000000;\"><span style=\"font-family: Calibri, sans-serif;\"><span style=\"font-size: medium;\"><u>en<\/u><\/span><\/span><\/span><\/strong><strong><span style=\"color: #000000;\"><span style=\"font-family: Calibri, sans-serif;\"><span style=\"font-size: medium;\"><u> protagonistes <\/u><\/span><\/span><\/span><\/strong><strong><span style=\"color: #000000;\"><span style=\"font-family: Calibri, sans-serif;\"><span style=\"font-size: medium;\"><u>compartint les seves aficions.?\u26f7?\u26bd?<\/u><\/span><\/span><\/span><\/strong><\/p>\n<p align=\"left\"><span style=\"color: #000000;\"><span style=\"font-family: Calibri, sans-serif;\"><span style=\"font-size: medium;\">Enguany les circumst\u00e0ncies han fet que sigui un curs diferent per\u00f2 aix\u00f2 no vol dir que s\u2019hagin quedat sense la seva oportunitat. <i><b>Toca ser creatius i veure oportunitats en lloc de dificultats!??<\/b><\/i><\/span><\/span><\/span><\/p>\n<p align=\"left\"><span style=\"color: #000000;\"><span style=\"font-family: Calibri, sans-serif;\"><span style=\"font-size: medium;\">Poder realitzar aquesta activitat ens ha fet <b>tancar <\/b><b>aquesta etapa<\/b><b> amb un sentiment especial.?<\/b><\/span><\/span><\/span><\/p>\n<p align=\"left\"><span style=\"color: #000000;\"><span style=\"font-family: Calibri, sans-serif;\"><span style=\"font-size: medium;\">A difer\u00e8ncia d&#8217;altres anys on es podia presentar presencialment a l&#8217;aula, els\/les alumnes han buscat alternatives molt originals! Are you ready?<\/span><\/span><\/span><\/p>\n<p>https:\/\/drive.google.com\/drive\/folders\/1LmQbHia078KtwNVTztbMpGUqMvm8qtch?usp=sharing<\/p>\n<p align=\"left\"><span style=\"color: #000000;\"><span style=\"font-family: Calibri, sans-serif;\"><span style=\"font-size: medium;\">Amb aquesta publicaci\u00f3, <\/span><b><span style=\"font-size: medium;\">ens acomiadem dels alumnes de 6<\/span><span style=\"font-size: 13.3333px;\">\u00e8<\/span><\/b><b style=\"font-size: medium;\">\u00a0i us desitgem que passeu un bon estiu!\u2600<\/b><\/span><\/span><\/p>\n","protected":false},"excerpt":{"rendered":"<p>Com ja \u00e9s tradici\u00f3, els\/les alumnes de 6\u00e8 esdevenen protagonistes compartint les seves aficions.?\u26f7?\u26bd?<br \/>\nEnguany les circumst\u00e0ncies han fet que sigui un curs diferent per\u00f2 aix\u00f2 no vol dir que s\u2019hagin quedat sense la seva oportunitat. Toca ser creatius i veure oportunitats en lloc de dificultats!??<br \/>\nPoder&hellip;  <a href=\"https:\/\/agora.xtec.cat\/escguillemisarn\/general\/protagonista-6e\/\" title=\"Read PROTAGONISTA 6\u00e8\">Llegeix m\u00e9s\u00bb<\/a><\/p>\n","protected":false},"author":1,"featured_media":0,"comment_status":"open","ping_status":"closed","sticky":false,"template":"","format":"standard","meta":{"_bbp_topic_count":0,"_bbp_reply_count":0,"_bbp_total_topic_count":0,"_bbp_total_reply_count":0,"_bbp_voice_count":0,"_bbp_anonymous_reply_count":0,"_bbp_topic_count_hidden":0,"_bbp_reply_count_hidden":0,"_bbp_forum_subforum_count":0,"footnotes":""},"categories":[73,1,4,5],"tags":[],"class_list":["post-1150","post","type-post","status-publish","format-standard","hentry","category-cs","category-general","category-portada","category-primaria"],"post_mailing_queue_ids":[],"_links":{"self":[{"href":"https:\/\/agora.xtec.cat\/escguillemisarn\/wp-json\/wp\/v2\/posts\/1150","targetHints":{"allow":["GET"]}}],"collection":[{"href":"https:\/\/agora.xtec.cat\/escguillemisarn\/wp-json\/wp\/v2\/posts"}],"about":[{"href":"https:\/\/agora.xtec.cat\/escguillemisarn\/wp-json\/wp\/v2\/types\/post"}],"author":[{"embeddable":true,"href":"https:\/\/agora.xtec.cat\/escguillemisarn\/wp-json\/wp\/v2\/users\/1"}],"replies":[{"embeddable":true,"href":"https:\/\/agora.xtec.cat\/escguillemisarn\/wp-json\/wp\/v2\/comments?post=1150"}],"version-history":[{"count":1,"href":"https:\/\/agora.xtec.cat\/escguillemisarn\/wp-json\/wp\/v2\/posts\/1150\/revisions"}],"predecessor-version":[{"id":1151,"href":"https:\/\/agora.xtec.cat\/escguillemisarn\/wp-json\/wp\/v2\/posts\/1150\/revisions\/1151"}],"wp:attachment":[{"href":"https:\/\/agora.xtec.cat\/escguillemisarn\/wp-json\/wp\/v2\/media?parent=1150"}],"wp:term":[{"taxonomy":"category","embeddable":true,"href":"https:\/\/agora.xtec.cat\/escguillemisarn\/wp-json\/wp\/v2\/categories?post=1150"},{"taxonomy":"post_tag","embeddable":true,"href":"https:\/\/agora.xtec.cat\/escguillemisarn\/wp-json\/wp\/v2\/tags?post=1150"}],"curies":[{"name":"wp","href":"https:\/\/api.w.org\/{rel}","templated":true}]}}