{"id":1142,"date":"2020-06-09T18:59:09","date_gmt":"2020-06-09T16:59:09","guid":{"rendered":"https:\/\/agora.xtec.cat\/escguillemisarn\/?p=1142"},"modified":"2020-07-14T12:48:03","modified_gmt":"2020-07-14T10:48:03","slug":"no-es-un-adeu-es-un-arreveure","status":"publish","type":"post","link":"https:\/\/agora.xtec.cat\/escguillemisarn\/general\/no-es-un-adeu-es-un-arreveure\/","title":{"rendered":"No \u00e9s un adeu, \u00e9s un arreveure!"},"content":{"rendered":"<p><a href=\"https:\/\/agora.xtec.cat\/escguillemisarn\/wp-content\/uploads\/usu1631\/2020\/06\/Comiat.jpg\"><img loading=\"lazy\" decoding=\"async\" class=\"alignleft wp-image-1143\" src=\"https:\/\/agora.xtec.cat\/escguillemisarn\/wp-content\/uploads\/usu1631\/2020\/06\/Comiat.jpg\" alt=\"\" width=\"278\" height=\"174\" srcset=\"https:\/\/agora.xtec.cat\/escguillemisarn\/wp-content\/uploads\/usu1631\/2020\/06\/Comiat.jpg 475w, https:\/\/agora.xtec.cat\/escguillemisarn\/wp-content\/uploads\/usu1631\/2020\/06\/Comiat-300x188.jpg 300w\" sizes=\"auto, (max-width: 278px) 100vw, 278px\" \/><\/a>Benvolguda Comunitat Educativa de l&#8217;Escola Guillem Isarn de La Fuliola i Bold\u00fa,<\/p>\n<p>El curs ja s&#8217;acaba, diferent, per\u00f2 s&#8217;acaba i aix\u00f2 \u00e9s sin\u00f2nim de retre homenatge a 14 alumnes que no nom\u00e9s acaben aquest curs &#8220;estrany&#8221; sin\u00f3, que tamb\u00e9 acaben la seva etapa de prim\u00e0ria i, per tant, l&#8217;escolaritzaci\u00f3 a la nostra escola. No \u00e9s un adeu, \u00e9s un arreveure. Han estat 9 anys de conviv\u00e8ncia, d&#8217;aprenentatges, d&#8217;emocions, alegries i ensurts, per\u00f2 res us ha aturat en aquest pas per l&#8217;escola. Els mestres hem estat al vostre costat per acaronar-vos quan ho heu necessitat i per esperonar-vos quan ho heu requerit.<\/p>\n<p>A partir d&#8217;ara comenceu tots vosaltres a rec\u00f3rrer un llarg cam\u00ed, un cam\u00ed diferent i que haureu d&#8217;anar teixint vosaltres mateixos en funci\u00f3 de les necessitats, els objectius i els interessos que us aneu plantejant o que la pr\u00f2pia vida us vagi formulant. Ja no anireu tots junts a la mateixa classe. Comen\u00e7a una etapa desconeguda per\u00f2 dol\u00e7a de viure. Estigueu alerta perqu\u00e8 est\u00e0 plena d&#8217;obstacles, d&#8217;ensurts, d&#8217;enigmes, de problemes que haureu d&#8217;anar desxifrant, gestionant i resolent dia a dia, sense tirar mai la tovallola, prenent sempre les decisions de manera intel\u00b7ligent, raonada, sensata i assenyada. Tingueu present que el qu\u00e8 us espera no \u00e9s gens f\u00e0cil per\u00f2 no us desanimeu davant d&#8217;aquestes paraules perqu\u00e8 el conjunt d&#8217;experi\u00e8ncies viscudes que formaran part del vostre ser, us enriquiran tant a vosaltres com a les persones que tindreu al vostre costat. No oblideu mai de compartir. Ho vareu aprendre de ben petits i porteu molts anys fent-ne us, no ho deixeu en l&#8217;oblit. Aquell que comparteix idees, coneixements, emocions, els bons i no tan bons moments, s&#8217;enriqueix personalment. I com va dir Her\u00e0clit \u201cUn no pot trepitjar dues vegades el mateix riu\u201d per tant doneu al m\u00e0xim de vosaltres a la VIDA.<\/p>\n<p>Per tot aix\u00f2, volem obrir un link a la nostra p\u00e0gina web, que permeti a tothom que ho desitgi pujar-hi una foto, un v\u00eddeo, unes paraules, un escrit per a que tots vosaltres pugueu gaudir del record de les persones que formem la Comunitat Educativa de l&#8217;Escola Guillem Isarn.<\/p>\n<p>Per aquest motiu, animem a tothom a participar en aquesta iniciativa, petits i grans, de P3 a 6\u00e8, fam\u00edlies, tothom que tingui un missatge, una imatge o un v\u00eddeo amable per compartir amb aquests infants que ja s&#8217;han fet grans, que el pugi al link!<\/p>\n<p><a href=\"https:\/\/photos.app.goo.gl\/8FrDUqyceSnLsaNSA\">https:\/\/photos.app.goo.gl\/8FrDUqyceSnLsaNSA<\/a><\/p>\n","protected":false},"excerpt":{"rendered":"<p><a href=\"https:\/\/agora.xtec.cat\/escguillemisarn\/wp-content\/uploads\/usu1631\/2020\/06\/Comiat.jpg\"><\/a>Benvolguda Comunitat Educativa de l&#8217;Escola Guillem Isarn de La Fuliola i Bold\u00fa,<br \/>\nEl curs ja s&#8217;acaba, diferent, per\u00f2 s&#8217;acaba i aix\u00f2 \u00e9s sin\u00f2nim de retre homenatge a 14 alumnes que no nom\u00e9s acaben aquest curs &#8220;estrany&#8221; sin\u00f3, que tamb\u00e9 acaben la seva etapa de prim\u00e0ria&hellip;  <a href=\"https:\/\/agora.xtec.cat\/escguillemisarn\/general\/no-es-un-adeu-es-un-arreveure\/\" title=\"Read No \u00e9s un adeu, \u00e9s un arreveure!\">Llegeix m\u00e9s\u00bb<\/a><\/p>\n","protected":false},"author":1,"featured_media":0,"comment_status":"open","ping_status":"closed","sticky":false,"template":"","format":"standard","meta":{"_bbp_topic_count":0,"_bbp_reply_count":0,"_bbp_total_topic_count":0,"_bbp_total_reply_count":0,"_bbp_voice_count":0,"_bbp_anonymous_reply_count":0,"_bbp_topic_count_hidden":0,"_bbp_reply_count_hidden":0,"_bbp_forum_subforum_count":0,"footnotes":""},"categories":[1,2,4,5],"tags":[],"class_list":["post-1142","post","type-post","status-publish","format-standard","hentry","category-general","category-infantil","category-portada","category-primaria"],"post_mailing_queue_ids":[],"_links":{"self":[{"href":"https:\/\/agora.xtec.cat\/escguillemisarn\/wp-json\/wp\/v2\/posts\/1142","targetHints":{"allow":["GET"]}}],"collection":[{"href":"https:\/\/agora.xtec.cat\/escguillemisarn\/wp-json\/wp\/v2\/posts"}],"about":[{"href":"https:\/\/agora.xtec.cat\/escguillemisarn\/wp-json\/wp\/v2\/types\/post"}],"author":[{"embeddable":true,"href":"https:\/\/agora.xtec.cat\/escguillemisarn\/wp-json\/wp\/v2\/users\/1"}],"replies":[{"embeddable":true,"href":"https:\/\/agora.xtec.cat\/escguillemisarn\/wp-json\/wp\/v2\/comments?post=1142"}],"version-history":[{"count":2,"href":"https:\/\/agora.xtec.cat\/escguillemisarn\/wp-json\/wp\/v2\/posts\/1142\/revisions"}],"predecessor-version":[{"id":1145,"href":"https:\/\/agora.xtec.cat\/escguillemisarn\/wp-json\/wp\/v2\/posts\/1142\/revisions\/1145"}],"wp:attachment":[{"href":"https:\/\/agora.xtec.cat\/escguillemisarn\/wp-json\/wp\/v2\/media?parent=1142"}],"wp:term":[{"taxonomy":"category","embeddable":true,"href":"https:\/\/agora.xtec.cat\/escguillemisarn\/wp-json\/wp\/v2\/categories?post=1142"},{"taxonomy":"post_tag","embeddable":true,"href":"https:\/\/agora.xtec.cat\/escguillemisarn\/wp-json\/wp\/v2\/tags?post=1142"}],"curies":[{"name":"wp","href":"https:\/\/api.w.org\/{rel}","templated":true}]}}