{"id":1128,"date":"2020-05-26T14:37:35","date_gmt":"2020-05-26T12:37:35","guid":{"rendered":"https:\/\/agora.xtec.cat\/escguillemisarn\/?p=1128"},"modified":"2020-05-26T14:45:32","modified_gmt":"2020-05-26T12:45:32","slug":"world-recycling-day","status":"publish","type":"post","link":"https:\/\/agora.xtec.cat\/escguillemisarn\/general\/world-recycling-day\/","title":{"rendered":"WORLD RECYCLING DAY"},"content":{"rendered":"<p dir=\"ltr\" style=\"text-align: center;\">Recycling is the mechanism through which a certain material is processed to later give it a new use.<br \/>\nIn this way, we put that material back into operation and prevent it from becoming waste, which was the aim of the students of Guillem Isarn School. They celebrated the World Recycling Day on May 17th creating a toy and other stuff using only <strong>recycled material<\/strong>.<\/p>\n<p dir=\"ltr\" style=\"text-align: center;\"><strong>THANK YOU<\/strong>\u00a0 all for participating in order to paliate the climate change!<\/p>\n<p dir=\"ltr\" style=\"text-align: center;\">Simple actions such as using tote bags or buying unpacked products can make a huge difference, but there\u2019s also a lot we can do by reusing materials.<br \/>\nRemember! Recycling starts at home \ud83d\ude09<\/p>\n<p dir=\"ltr\" style=\"text-align: center;\">Check the link to see some awesome recycled items!<\/p>\n<p dir=\"ltr\" style=\"text-align: center;\"><iframe loading=\"lazy\" src=\"\/\/giphy.com\/embed\/b73wUq1jFLBTy\" width=\"480\" height=\"241\" frameborder=\"0\"><\/iframe><\/p>\n<p dir=\"ltr\" style=\"text-align: center;\"><a href=\"https:\/\/photos.app.goo.gl\/DPsmZHF1UWUAsiap7\">https:\/\/photos.app.goo.gl\/DPsmZHF1UWUAsiap7<\/a><\/p>\n<p dir=\"ltr\" style=\"text-align: center;\"><em>Reciclar \u00e9s el mecanisme pel qual un material \u00e9s processat per a donar-li un nou \u00fas m\u00e9s endavant. <\/em><br \/>\n<em>D&#8217;aquesta manera, posem aquest material de nou en operativitat i prevenim que esdevingui un residu, el qual va ser l&#8217;objectiu dels i les alumnes de l&#8217;Escola Guillem Isarn. Van celebrar el dia Mundial del Reciclatge al 17 de maig creant una joguina i d&#8217;altres objectes utilitzant nom\u00e9s <strong>material reciclat<\/strong>.<\/em><\/p>\n<p dir=\"ltr\" style=\"text-align: center;\"><em><strong>GR\u00c0CIES<\/strong> a totes i tots per participar per tal de paliar el canvi clim\u00e0tic! <\/em><br \/>\n<em>Accions senzilles com utilitzar bosses de roba o comprar productes no envasats poden suposar una enorme difer\u00e8ncia, per\u00f2 tamb\u00e9 podem fer molt m\u00e9s reutilitzant materials. <\/em><br \/>\n<em>Recordeu! Reciclar \u00e9s un proc\u00e9s que comen\u00e7a a casa \ud83d\ude09<\/em><\/p>\n<p dir=\"ltr\" style=\"text-align: center;\"><em>Mireu al link de m\u00e9s amunt per veure genials creacions reciclades!<\/em><\/p>\n","protected":false},"excerpt":{"rendered":"<p>Recycling is the mechanism through which a certain material is processed to later give it a new use.<br \/>\nIn this way, we put that material back into operation and prevent it from becoming waste, which was the aim of the students of Guillem Isarn School. They&hellip;  <a href=\"https:\/\/agora.xtec.cat\/escguillemisarn\/general\/world-recycling-day\/\" title=\"Read WORLD RECYCLING DAY\">Llegeix m\u00e9s\u00bb<\/a><\/p>\n","protected":false},"author":7,"featured_media":0,"comment_status":"open","ping_status":"closed","sticky":false,"template":"","format":"standard","meta":{"_bbp_topic_count":0,"_bbp_reply_count":0,"_bbp_total_topic_count":0,"_bbp_total_reply_count":0,"_bbp_voice_count":0,"_bbp_anonymous_reply_count":0,"_bbp_topic_count_hidden":0,"_bbp_reply_count_hidden":0,"_bbp_forum_subforum_count":0,"footnotes":""},"categories":[1,2,4,5],"tags":[],"class_list":["post-1128","post","type-post","status-publish","format-standard","hentry","category-general","category-infantil","category-portada","category-primaria"],"post_mailing_queue_ids":[],"_links":{"self":[{"href":"https:\/\/agora.xtec.cat\/escguillemisarn\/wp-json\/wp\/v2\/posts\/1128","targetHints":{"allow":["GET"]}}],"collection":[{"href":"https:\/\/agora.xtec.cat\/escguillemisarn\/wp-json\/wp\/v2\/posts"}],"about":[{"href":"https:\/\/agora.xtec.cat\/escguillemisarn\/wp-json\/wp\/v2\/types\/post"}],"author":[{"embeddable":true,"href":"https:\/\/agora.xtec.cat\/escguillemisarn\/wp-json\/wp\/v2\/users\/7"}],"replies":[{"embeddable":true,"href":"https:\/\/agora.xtec.cat\/escguillemisarn\/wp-json\/wp\/v2\/comments?post=1128"}],"version-history":[{"count":3,"href":"https:\/\/agora.xtec.cat\/escguillemisarn\/wp-json\/wp\/v2\/posts\/1128\/revisions"}],"predecessor-version":[{"id":1133,"href":"https:\/\/agora.xtec.cat\/escguillemisarn\/wp-json\/wp\/v2\/posts\/1128\/revisions\/1133"}],"wp:attachment":[{"href":"https:\/\/agora.xtec.cat\/escguillemisarn\/wp-json\/wp\/v2\/media?parent=1128"}],"wp:term":[{"taxonomy":"category","embeddable":true,"href":"https:\/\/agora.xtec.cat\/escguillemisarn\/wp-json\/wp\/v2\/categories?post=1128"},{"taxonomy":"post_tag","embeddable":true,"href":"https:\/\/agora.xtec.cat\/escguillemisarn\/wp-json\/wp\/v2\/tags?post=1128"}],"curies":[{"name":"wp","href":"https:\/\/api.w.org\/{rel}","templated":true}]}}