{"id":1116,"date":"2020-05-26T13:26:12","date_gmt":"2020-05-26T11:26:12","guid":{"rendered":"https:\/\/agora.xtec.cat\/escguillemisarn\/?p=1116"},"modified":"2020-05-26T13:27:39","modified_gmt":"2020-05-26T11:27:39","slug":"dia-dafrica-25-de-maig-del-2020","status":"publish","type":"post","link":"https:\/\/agora.xtec.cat\/escguillemisarn\/general\/dia-dafrica-25-de-maig-del-2020\/","title":{"rendered":"Dia d\u2019\u00c0frica, 25 de maig del 2020"},"content":{"rendered":"<p>Com \u00e9s costum, el 25 de maig celebrem el dia d&#8217;\u00c0frica. Aquest any, l&#8217;\u00faltim pels alumnes de sis\u00e8 a l&#8217;escola. \u00c9s per aix\u00f2 que ahir els alumnes de sis\u00e8 van realitzar una activitat durant la seva trobada virtual per recordar aquest dia encara que sigui en confinament.<\/p>\n<p>Els alumnes i mestres vam visualitzar aquest v\u00eddeo abans de la trobada. Aquest ens va ajudar a obrir la nostra mirada i \u00e9s per aix\u00f2 que el volem compartir amb tots vosaltres.<\/p>\n<p><iframe loading=\"lazy\" title=\"25\/05: SED y el D\u00eda de \u00c1frica\" width=\"500\" height=\"281\" src=\"https:\/\/www.youtube.com\/embed\/qn5KuKELmoo?start=16&#038;feature=oembed\" frameborder=\"0\" allow=\"accelerometer; autoplay; clipboard-write; encrypted-media; gyroscope; picture-in-picture; web-share\" referrerpolicy=\"strict-origin-when-cross-origin\" allowfullscreen><\/iframe><\/p>\n<p>La proposta va ser molt divertida, crear entre tots un conte afric\u00e0! El mestre iniciava la hist\u00f2ria i els alumnes l&#8217;anaven creant a partir de l&#8217;\u00faltima intervenci\u00f3. La veritat \u00e9s que va quedar una hist\u00f2ria molt bonica. Els habitants acabaven compartint els recursos i vivint en un poble feli\u00e7.<\/p>\n<p><a href=\"https:\/\/agora.xtec.cat\/escguillemisarn\/wp-content\/uploads\/usu1631\/2020\/05\/josep.jpg\"><img loading=\"lazy\" decoding=\"async\" class=\"alignnone wp-image-1117\" src=\"https:\/\/agora.xtec.cat\/escguillemisarn\/wp-content\/uploads\/usu1631\/2020\/05\/josep-940x1024.jpg\" alt=\"\" width=\"267\" height=\"291\" srcset=\"https:\/\/agora.xtec.cat\/escguillemisarn\/wp-content\/uploads\/usu1631\/2020\/05\/josep-940x1024.jpg 940w, https:\/\/agora.xtec.cat\/escguillemisarn\/wp-content\/uploads\/usu1631\/2020\/05\/josep-275x300.jpg 275w, https:\/\/agora.xtec.cat\/escguillemisarn\/wp-content\/uploads\/usu1631\/2020\/05\/josep-768x837.jpg 768w, https:\/\/agora.xtec.cat\/escguillemisarn\/wp-content\/uploads\/usu1631\/2020\/05\/josep.jpg 984w\" sizes=\"auto, (max-width: 267px) 100vw, 267px\" \/><\/a><\/p>\n<p><a href=\"https:\/\/agora.xtec.cat\/escguillemisarn\/wp-content\/uploads\/usu1631\/2020\/05\/WhatsApp-Image-2020-05-26-at-13.03.44.jpeg\"><img loading=\"lazy\" decoding=\"async\" class=\"alignnone size-large wp-image-1118\" src=\"https:\/\/agora.xtec.cat\/escguillemisarn\/wp-content\/uploads\/usu1631\/2020\/05\/WhatsApp-Image-2020-05-26-at-13.03.44-1024x749.jpeg\" alt=\"\" width=\"1024\" height=\"749\" srcset=\"https:\/\/agora.xtec.cat\/escguillemisarn\/wp-content\/uploads\/usu1631\/2020\/05\/WhatsApp-Image-2020-05-26-at-13.03.44.jpeg 1024w, https:\/\/agora.xtec.cat\/escguillemisarn\/wp-content\/uploads\/usu1631\/2020\/05\/WhatsApp-Image-2020-05-26-at-13.03.44-300x219.jpeg 300w, https:\/\/agora.xtec.cat\/escguillemisarn\/wp-content\/uploads\/usu1631\/2020\/05\/WhatsApp-Image-2020-05-26-at-13.03.44-768x562.jpeg 768w\" sizes=\"auto, (max-width: 1024px) 100vw, 1024px\" \/><\/a><\/p>\n<p>A continuaci\u00f3, podreu llegir la versi\u00f3 original del conte.<\/p>\n<p style=\"text-align: center;\"><strong>RIUS TRISTOS<\/strong><\/p>\n<p style=\"text-align: center;\">Una hist\u00f2ria del TXAD. Recordem el Dia d\u2019\u00c0frica.<\/p>\n<p>Una vegada hi havia una muntanya anomenada \u201cla muntanya d\u2019aigua\u201d perqu\u00e8 tenia dos grans rius als vessants. Els nens i les nenes es divertien banyant-s\u2019hi. La gent bevia dels rius, hi rentava i tot era felicitat, perqu\u00e8 l\u2019aigua donava la vida a aquells pobles.<\/p>\n<p>Tal era el bon humor de la gent, que un mat\u00ed van decidir construir cases de palla noves perqu\u00e8 persones d\u2019altres indrets poguessin allotjar-se un dies a la vora dels rius.<\/p>\n<p>I aix\u00ed ho van fer. Van construir deu cases boniques que aviat es van omplir de fam\u00edlies en cerca de l\u2019aigua fresca i neta per refrescar-se, rentar i beure.<\/p>\n<p>Van beure tant que el riu va comen\u00e7ar a assecar-se. Els n\u00favols, preocupats, van comen\u00e7ar a deixar caure gotetes de pluja sobre la zona per ajudar els rius a recuperar-se. Va ploure tant que algunes de les cases de palla es van destruir.<\/p>\n<p>Els homes es van enfadar molt. Tant, que van recollir tota la palla i la fusta de les cases destru\u00efdes i van decidir llen\u00e7ar-les al riu.<\/p>\n<p>Les dones cridaven:<\/p>\n<p>&#8211; No ho feu! No veieu que la pluja era un regal?<\/p>\n<p>Els homes, per\u00f2, no van escoltar i van emplenar els rius de palla, fusta i escombraries.<\/p>\n<p>Amb el pas del temps, els rius es van entristir. Ja no jugava ning\u00fa a les seves aig\u00fces i la gent no podia acostar-s\u2019hi a veure. Es van posar tant tristos que al final van desapar\u00e8ixer. Nom\u00e9s a un quants quil\u00f2metres del poble van tornar a apar\u00e8ixer, molt t\u00edmids, per proporcionar aigua.<\/p>\n<p>Les dones no van voler dir als homes on era l\u2019aigua, per por que tornessin a contaminar-la.<\/p>\n<p>Des d\u2019aleshores, en aquell indret, les dones s\u00f3n les guardianes de l\u2019aigua i de la natura, i protegeixen les seves criatures de qualsevol mal que pugui succeir.<\/p>\n<p><strong>\u00a0<\/strong><strong>Dia d\u2019\u00c0frica, 25 de maig del 2020. En confinament. <\/strong><\/p>\n<p><strong>Homenatge a totes les dones africanes que treballen per la seva fam\u00edlia i el seu pa\u00eds. <\/strong><\/p>\n<p><strong>\u00a0<\/strong><\/p>\n","protected":false},"excerpt":{"rendered":"<p>Com \u00e9s costum, el 25 de maig celebrem el dia d&#8217;\u00c0frica. Aquest any, l&#8217;\u00faltim pels alumnes de sis\u00e8 a l&#8217;escola. \u00c9s per aix\u00f2 que ahir els alumnes de sis\u00e8 van realitzar una activitat durant la seva trobada virtual per recordar aquest dia encara que sigui&hellip;  <a href=\"https:\/\/agora.xtec.cat\/escguillemisarn\/general\/dia-dafrica-25-de-maig-del-2020\/\" title=\"Read Dia d\u2019\u00c0frica, 25 de maig del 2020\">Llegeix m\u00e9s\u00bb<\/a><\/p>\n","protected":false},"author":1,"featured_media":0,"comment_status":"open","ping_status":"closed","sticky":false,"template":"","format":"standard","meta":{"_bbp_topic_count":0,"_bbp_reply_count":0,"_bbp_total_topic_count":0,"_bbp_total_reply_count":0,"_bbp_voice_count":0,"_bbp_anonymous_reply_count":0,"_bbp_topic_count_hidden":0,"_bbp_reply_count_hidden":0,"_bbp_forum_subforum_count":0,"footnotes":""},"categories":[73,1,4,5],"tags":[],"class_list":["post-1116","post","type-post","status-publish","format-standard","hentry","category-cs","category-general","category-portada","category-primaria"],"post_mailing_queue_ids":[],"_links":{"self":[{"href":"https:\/\/agora.xtec.cat\/escguillemisarn\/wp-json\/wp\/v2\/posts\/1116","targetHints":{"allow":["GET"]}}],"collection":[{"href":"https:\/\/agora.xtec.cat\/escguillemisarn\/wp-json\/wp\/v2\/posts"}],"about":[{"href":"https:\/\/agora.xtec.cat\/escguillemisarn\/wp-json\/wp\/v2\/types\/post"}],"author":[{"embeddable":true,"href":"https:\/\/agora.xtec.cat\/escguillemisarn\/wp-json\/wp\/v2\/users\/1"}],"replies":[{"embeddable":true,"href":"https:\/\/agora.xtec.cat\/escguillemisarn\/wp-json\/wp\/v2\/comments?post=1116"}],"version-history":[{"count":1,"href":"https:\/\/agora.xtec.cat\/escguillemisarn\/wp-json\/wp\/v2\/posts\/1116\/revisions"}],"predecessor-version":[{"id":1122,"href":"https:\/\/agora.xtec.cat\/escguillemisarn\/wp-json\/wp\/v2\/posts\/1116\/revisions\/1122"}],"wp:attachment":[{"href":"https:\/\/agora.xtec.cat\/escguillemisarn\/wp-json\/wp\/v2\/media?parent=1116"}],"wp:term":[{"taxonomy":"category","embeddable":true,"href":"https:\/\/agora.xtec.cat\/escguillemisarn\/wp-json\/wp\/v2\/categories?post=1116"},{"taxonomy":"post_tag","embeddable":true,"href":"https:\/\/agora.xtec.cat\/escguillemisarn\/wp-json\/wp\/v2\/tags?post=1116"}],"curies":[{"name":"wp","href":"https:\/\/api.w.org\/{rel}","templated":true}]}}