{"id":1022,"date":"2020-04-28T17:26:02","date_gmt":"2020-04-28T15:26:02","guid":{"rendered":"https:\/\/agora.xtec.cat\/escguillemisarn\/?p=1022"},"modified":"2020-04-28T18:21:10","modified_gmt":"2020-04-28T16:21:10","slug":"dia-de-la-mare","status":"publish","type":"post","link":"https:\/\/agora.xtec.cat\/escguillemisarn\/general\/dia-de-la-mare\/","title":{"rendered":"Dia de la mare"},"content":{"rendered":"<p><a href=\"https:\/\/agora.xtec.cat\/escguillemisarn\/wp-content\/uploads\/usu1631\/2020\/04\/mare.jpg\"><img loading=\"lazy\" decoding=\"async\" class=\"wp-image-1024 alignleft\" src=\"https:\/\/agora.xtec.cat\/escguillemisarn\/wp-content\/uploads\/usu1631\/2020\/04\/mare.jpg\" alt=\"\" width=\"313\" height=\"282\" srcset=\"https:\/\/agora.xtec.cat\/escguillemisarn\/wp-content\/uploads\/usu1631\/2020\/04\/mare.jpg 600w, https:\/\/agora.xtec.cat\/escguillemisarn\/wp-content\/uploads\/usu1631\/2020\/04\/mare-300x270.jpg 300w\" sizes=\"auto, (max-width: 313px) 100vw, 313px\" \/><\/a>Hola nenes i nens!<\/p>\n<p>&nbsp;<\/p>\n<p>Aquest diumenge ser\u00e0 el DIA DE LA MARE. Per aix\u00f2 us proposem que totes les manualitats que aneu fent les pengeu en aquest enlla\u00e7.<\/p>\n<p>&nbsp;<\/p>\n<p style=\"text-align: center;\"><a href=\"https:\/\/photos.app.goo.gl\/2ifSLToVqiyww7As8\">https:\/\/photos.app.goo.gl\/2ifSLToVqiyww7As8<\/a><\/p>\n","protected":false},"excerpt":{"rendered":"<p><a href=\"https:\/\/agora.xtec.cat\/escguillemisarn\/wp-content\/uploads\/usu1631\/2020\/04\/mare.jpg\"><\/a>Hola nenes i nens!<br \/>\n&nbsp;<br \/>\nAquest diumenge ser\u00e0 el DIA DE LA MARE. Per aix\u00f2 us proposem que totes les manualitats que aneu fent les pengeu en aquest enlla\u00e7.<br \/>\n&nbsp;<br \/>\n<a href=\"https:\/\/photos.app.goo.gl\/2ifSLToVqiyww7As8\">https:\/\/photos.app.goo.gl\/2ifSLToVqiyww7As8<\/a><\/p>\n","protected":false},"author":1,"featured_media":0,"comment_status":"open","ping_status":"closed","sticky":false,"template":"","format":"standard","meta":{"_bbp_topic_count":0,"_bbp_reply_count":0,"_bbp_total_topic_count":0,"_bbp_total_reply_count":0,"_bbp_voice_count":0,"_bbp_anonymous_reply_count":0,"_bbp_topic_count_hidden":0,"_bbp_reply_count_hidden":0,"_bbp_forum_subforum_count":0,"footnotes":""},"categories":[1,4],"tags":[],"class_list":["post-1022","post","type-post","status-publish","format-standard","hentry","category-general","category-portada"],"post_mailing_queue_ids":[],"_links":{"self":[{"href":"https:\/\/agora.xtec.cat\/escguillemisarn\/wp-json\/wp\/v2\/posts\/1022","targetHints":{"allow":["GET"]}}],"collection":[{"href":"https:\/\/agora.xtec.cat\/escguillemisarn\/wp-json\/wp\/v2\/posts"}],"about":[{"href":"https:\/\/agora.xtec.cat\/escguillemisarn\/wp-json\/wp\/v2\/types\/post"}],"author":[{"embeddable":true,"href":"https:\/\/agora.xtec.cat\/escguillemisarn\/wp-json\/wp\/v2\/users\/1"}],"replies":[{"embeddable":true,"href":"https:\/\/agora.xtec.cat\/escguillemisarn\/wp-json\/wp\/v2\/comments?post=1022"}],"version-history":[{"count":3,"href":"https:\/\/agora.xtec.cat\/escguillemisarn\/wp-json\/wp\/v2\/posts\/1022\/revisions"}],"predecessor-version":[{"id":1026,"href":"https:\/\/agora.xtec.cat\/escguillemisarn\/wp-json\/wp\/v2\/posts\/1022\/revisions\/1026"}],"wp:attachment":[{"href":"https:\/\/agora.xtec.cat\/escguillemisarn\/wp-json\/wp\/v2\/media?parent=1022"}],"wp:term":[{"taxonomy":"category","embeddable":true,"href":"https:\/\/agora.xtec.cat\/escguillemisarn\/wp-json\/wp\/v2\/categories?post=1022"},{"taxonomy":"post_tag","embeddable":true,"href":"https:\/\/agora.xtec.cat\/escguillemisarn\/wp-json\/wp\/v2\/tags?post=1022"}],"curies":[{"name":"wp","href":"https:\/\/api.w.org\/{rel}","templated":true}]}}