{"id":1012,"date":"2020-04-20T11:44:04","date_gmt":"2020-04-20T09:44:04","guid":{"rendered":"https:\/\/agora.xtec.cat\/escguillemisarn\/?p=1012"},"modified":"2020-04-23T23:25:24","modified_gmt":"2020-04-23T21:25:24","slug":"sant-jordi-la-diada","status":"publish","type":"post","link":"https:\/\/agora.xtec.cat\/escguillemisarn\/general\/sant-jordi-la-diada\/","title":{"rendered":"Sant Jordi, la Diada!"},"content":{"rendered":"<p><a href=\"https:\/\/agora.xtec.cat\/escguillemisarn\/wp-content\/uploads\/usu1631\/2020\/04\/santjordi-1.jpg\"><img loading=\"lazy\" decoding=\"async\" class=\"alignleft wp-image-1015\" src=\"https:\/\/agora.xtec.cat\/escguillemisarn\/wp-content\/uploads\/usu1631\/2020\/04\/santjordi-1.jpg\" alt=\"\" width=\"176\" height=\"249\" srcset=\"https:\/\/agora.xtec.cat\/escguillemisarn\/wp-content\/uploads\/usu1631\/2020\/04\/santjordi-1.jpg 571w, https:\/\/agora.xtec.cat\/escguillemisarn\/wp-content\/uploads\/usu1631\/2020\/04\/santjordi-1-213x300.jpg 213w\" sizes=\"auto, (max-width: 176px) 100vw, 176px\" \/><\/a>Hola fam\u00edlies,<\/p>\n<p>Aquest \u00e9s l&#8217;enlla\u00e7 on podreu penjar fotografies de la Diada de Sant Jordi. Tot i estar confinats, ning\u00fa ens ha de prendre la il\u00b7lusi\u00f3 d&#8217;estimar, de llegir, d&#8217;ajudar, de solidaritzar-nos, &#8230; Per aix\u00f2, els mestres de l&#8217;escola tenim un somni: I si aquest any, el cavaller Sant Jordi, en comptes de matar al drac&#8230; aconsegueix matar al virus&#8230;?<\/p>\n<p>Aquest cavaller necessita la teva for\u00e7a, penjar tantes fotos com puguis d&#8217;elements relacionats amb la Diada i la Llegenda de Sant Jordi (#llibres #roses #lectura #amor)<\/p>\n<p><a href=\"https:\/\/photos.app.goo.gl\/pkZk8fRZLuYpHcbu5\">https:\/\/photos.app.goo.gl\/pkZk8fRZLuYpHcbu5<\/a><\/p>\n<p>Tamb\u00e9 ens podeu explicar contes o b\u00e9 recitar poemes. Us animeu?<\/p>\n<p><iframe loading=\"lazy\" title=\"Unai by Escola Guillem Isarn - La Fuliola\" width=\"500\" height=\"400\" scrolling=\"no\" frameborder=\"no\" src=\"https:\/\/w.soundcloud.com\/player\/?visual=true&#038;url=https%3A%2F%2Fapi.soundcloud.com%2Ftracks%2F804575077&#038;show_artwork=true&#038;maxheight=750&#038;maxwidth=500\"><\/iframe><\/p>\n<p>&nbsp;<\/p>\n<p><iframe loading=\"lazy\" title=\"St Jordi Confinat Ian Unai Laia by Escola Guillem Isarn - La Fuliola\" width=\"500\" height=\"400\" scrolling=\"no\" frameborder=\"no\" src=\"https:\/\/w.soundcloud.com\/player\/?visual=true&#038;url=https%3A%2F%2Fapi.soundcloud.com%2Ftracks%2F804567172&#038;show_artwork=true&#038;maxheight=750&#038;maxwidth=500\"><\/iframe><\/p>\n<p>&nbsp;<\/p>\n<p><iframe loading=\"lazy\" title=\"Martina Ser\u00f3 - Dita 1 by Escola Guillem Isarn - La Fuliola\" width=\"500\" height=\"400\" scrolling=\"no\" frameborder=\"no\" src=\"https:\/\/w.soundcloud.com\/player\/?visual=true&#038;url=https%3A%2F%2Fapi.soundcloud.com%2Ftracks%2F805636045&#038;show_artwork=true&#038;maxheight=750&#038;maxwidth=500\"><\/iframe><\/p>\n<p><iframe loading=\"lazy\" title=\"Martina Ser\u00f3 - Dita 2 by Escola Guillem Isarn - La Fuliola\" width=\"500\" height=\"400\" scrolling=\"no\" frameborder=\"no\" src=\"https:\/\/w.soundcloud.com\/player\/?visual=true&#038;url=https%3A%2F%2Fapi.soundcloud.com%2Ftracks%2F805636042&#038;show_artwork=true&#038;maxheight=750&#038;maxwidth=500\"><\/iframe><\/p>\n<p><iframe loading=\"lazy\" title=\"Martina Ser\u00f3 - Poema by Escola Guillem Isarn - La Fuliola\" width=\"500\" height=\"400\" scrolling=\"no\" frameborder=\"no\" src=\"https:\/\/w.soundcloud.com\/player\/?visual=true&#038;url=https%3A%2F%2Fapi.soundcloud.com%2Ftracks%2F805636024&#038;show_artwork=true&#038;maxheight=750&#038;maxwidth=500\"><\/iframe><\/p>\n<p><iframe loading=\"lazy\" title=\"Martina Ser\u00f3 - Can\u00e7\u00f3 by Escola Guillem Isarn - La Fuliola\" width=\"500\" height=\"400\" scrolling=\"no\" frameborder=\"no\" src=\"https:\/\/w.soundcloud.com\/player\/?visual=true&#038;url=https%3A%2F%2Fapi.soundcloud.com%2Ftracks%2F805636054&#038;show_artwork=true&#038;maxheight=750&#038;maxwidth=500\"><\/iframe><\/p>\n<p>&nbsp;<\/p>\n","protected":false},"excerpt":{"rendered":"<p><a href=\"https:\/\/agora.xtec.cat\/escguillemisarn\/wp-content\/uploads\/usu1631\/2020\/04\/santjordi-1.jpg\"><\/a>Hola fam\u00edlies,<br \/>\nAquest \u00e9s l&#8217;enlla\u00e7 on podreu penjar fotografies de la Diada de Sant Jordi. Tot i estar confinats, ning\u00fa ens ha de prendre la il\u00b7lusi\u00f3 d&#8217;estimar, de llegir, d&#8217;ajudar, de solidaritzar-nos, &#8230; Per aix\u00f2, els mestres de l&#8217;escola tenim un somni: I si aquest&hellip;  <a href=\"https:\/\/agora.xtec.cat\/escguillemisarn\/general\/sant-jordi-la-diada\/\" title=\"Read Sant Jordi, la Diada!\">Llegeix m\u00e9s\u00bb<\/a><\/p>\n","protected":false},"author":1,"featured_media":0,"comment_status":"open","ping_status":"closed","sticky":false,"template":"","format":"standard","meta":{"_bbp_topic_count":0,"_bbp_reply_count":0,"_bbp_total_topic_count":0,"_bbp_total_reply_count":0,"_bbp_voice_count":0,"_bbp_anonymous_reply_count":0,"_bbp_topic_count_hidden":0,"_bbp_reply_count_hidden":0,"_bbp_forum_subforum_count":0,"footnotes":""},"categories":[1,4],"tags":[],"class_list":["post-1012","post","type-post","status-publish","format-standard","hentry","category-general","category-portada"],"post_mailing_queue_ids":[],"_links":{"self":[{"href":"https:\/\/agora.xtec.cat\/escguillemisarn\/wp-json\/wp\/v2\/posts\/1012","targetHints":{"allow":["GET"]}}],"collection":[{"href":"https:\/\/agora.xtec.cat\/escguillemisarn\/wp-json\/wp\/v2\/posts"}],"about":[{"href":"https:\/\/agora.xtec.cat\/escguillemisarn\/wp-json\/wp\/v2\/types\/post"}],"author":[{"embeddable":true,"href":"https:\/\/agora.xtec.cat\/escguillemisarn\/wp-json\/wp\/v2\/users\/1"}],"replies":[{"embeddable":true,"href":"https:\/\/agora.xtec.cat\/escguillemisarn\/wp-json\/wp\/v2\/comments?post=1012"}],"version-history":[{"count":4,"href":"https:\/\/agora.xtec.cat\/escguillemisarn\/wp-json\/wp\/v2\/posts\/1012\/revisions"}],"predecessor-version":[{"id":1021,"href":"https:\/\/agora.xtec.cat\/escguillemisarn\/wp-json\/wp\/v2\/posts\/1012\/revisions\/1021"}],"wp:attachment":[{"href":"https:\/\/agora.xtec.cat\/escguillemisarn\/wp-json\/wp\/v2\/media?parent=1012"}],"wp:term":[{"taxonomy":"category","embeddable":true,"href":"https:\/\/agora.xtec.cat\/escguillemisarn\/wp-json\/wp\/v2\/categories?post=1012"},{"taxonomy":"post_tag","embeddable":true,"href":"https:\/\/agora.xtec.cat\/escguillemisarn\/wp-json\/wp\/v2\/tags?post=1012"}],"curies":[{"name":"wp","href":"https:\/\/api.w.org\/{rel}","templated":true}]}}