{"id":14848,"date":"2026-04-09T21:07:41","date_gmt":"2026-04-09T19:07:41","guid":{"rendered":"https:\/\/agora.xtec.cat\/escguillemfortuny\/?p=14848"},"modified":"2026-04-13T15:05:45","modified_gmt":"2026-04-13T13:05:45","slug":"alumnes-de-sise-de-lescola-guillem-fortuny-participen-en-una-estada-erasmus-a-portugal","status":"publish","type":"post","link":"https:\/\/agora.xtec.cat\/escguillemfortuny\/portada\/alumnes-de-sise-de-lescola-guillem-fortuny-participen-en-una-estada-erasmus-a-portugal\/","title":{"rendered":"Alumnes de sis\u00e8 de l\u2019escola Guillem Fortuny participen en una estada Erasmus+ a Portugal"},"content":{"rendered":"\n<p>Vuit alumnes de sis\u00e8 de prim\u00e0ria de l\u2019escola Guillem Fortuny de Cambrils han participat recentment en una estada d\u2019aprenentatge a Portugal, en el marc del programa Erasmus+ 2021-2027. Acompanyats per tres mestres, els estudiants han viatjat del 22 al 26 de mar\u00e7 a la freguesia d\u2019Agrela, on han estat acollits per l\u2019escola Agrupamento de Escolas D. Dinis.<br>Durant aquesta experi\u00e8ncia, l\u2019alumnat catal\u00e0 i portugu\u00e8s ha compartit diverses activitats en llengua anglesa, centrades en els objectius del projecte europeu. Entre aquests, destaquen la promoci\u00f3 de la cooperaci\u00f3 entre centres educatius, el foment de la inclusi\u00f3, la transformaci\u00f3 digital i la transici\u00f3 ecol\u00f2gica, aix\u00ed com la participaci\u00f3 activa en la vida democr\u00e0tica europea. Aquest intercanvi ha perm\u00e8s tamb\u00e9 compartir metodologies de treball i refor\u00e7ar compet\u00e8ncies clau com el treball en equip i les habilitats interpersonals i interculturals.<br>L\u2019estada ha suposat, a m\u00e9s, una oportunitat d\u2019immersi\u00f3 ling\u00fc\u00edstica real, contribuint a millorar l\u2019aprenentatge de lleng\u00fces estrangeres. Igualment, ha afavorit la internacionalitzaci\u00f3 dels centres participants i el coneixement directe de les tradicions i la cultura portuguesa.<br>M\u00e9s enll\u00e0 de l\u2019\u00e0mbit educatiu, els alumnes han pogut con\u00e8ixer alguns indrets destacats del pa\u00eds. Entre les activitats culturals, han visitat la ciutat d\u2019Oporto i el Parc Biol\u00f2gic de Vila Nova de Gaia, un espai que inclou un centre de recuperaci\u00f3 de fauna i flora aut\u00f2ctona.<br>Aquest projecte tindr\u00e0 continu\u00eftat el proper mes de maig, quan els alumnes portuguesos visitaran Cambrils i seran acollits per les fam\u00edlies dels estudiants que han participat en la mobilitat.<br>L&#8217;experi\u00e8ncia ha estat molt ben valorada per l&#8217;alumnat, que destaca tant l\u2019aprenentatge com la conviv\u00e8ncia i les noves amistats creades durant aquests dies, gr\u00e0cies a l\u2019acreditaci\u00f3 del programa Erasmus+.<\/p>\n\n\n<div class=\"wp-block-image\">\n<figure class=\"aligncenter size-large\"><a href=\"https:\/\/agora.xtec.cat\/escguillemfortuny\/wp-content\/uploads\/usu346\/2026\/04\/Portugal.jpeg\"><img loading=\"lazy\" decoding=\"async\" width=\"768\" height=\"1024\" src=\"https:\/\/agora.xtec.cat\/escguillemfortuny\/wp-content\/uploads\/usu346\/2026\/04\/Portugal-768x1024.jpeg\" alt=\"\" class=\"wp-image-14849\" srcset=\"https:\/\/agora.xtec.cat\/escguillemfortuny\/wp-content\/uploads\/usu346\/2026\/04\/Portugal-768x1024.jpeg 768w, https:\/\/agora.xtec.cat\/escguillemfortuny\/wp-content\/uploads\/usu346\/2026\/04\/Portugal-225x300.jpeg 225w, https:\/\/agora.xtec.cat\/escguillemfortuny\/wp-content\/uploads\/usu346\/2026\/04\/Portugal-1152x1536.jpeg 1152w, https:\/\/agora.xtec.cat\/escguillemfortuny\/wp-content\/uploads\/usu346\/2026\/04\/Portugal.jpeg 1200w\" sizes=\"auto, (max-width: 768px) 100vw, 768px\" \/><\/a><\/figure><\/div>","protected":false},"excerpt":{"rendered":"<p>Vuit alumnes de sis\u00e8 de prim\u00e0ria de l\u2019escola Guillem Fortuny de Cambrils han participat recentment en una estada d\u2019aprenentatge a Portugal, en el marc del programa Erasmus+ 2021-2027.&hellip;  <a href=\"https:\/\/agora.xtec.cat\/escguillemfortuny\/portada\/alumnes-de-sise-de-lescola-guillem-fortuny-participen-en-una-estada-erasmus-a-portugal\/\" title=\"Read Alumnes de sis\u00e8 de l\u2019escola Guillem Fortuny participen en una estada Erasmus+ a Portugal\">Llegeix m\u00e9s\u00bb<\/a><\/p>\n","protected":false},"author":4,"featured_media":14849,"comment_status":"open","ping_status":"open","sticky":false,"template":"","format":"standard","meta":{"_bbp_topic_count":0,"_bbp_reply_count":0,"_bbp_total_topic_count":0,"_bbp_total_reply_count":0,"_bbp_voice_count":0,"_bbp_anonymous_reply_count":0,"_bbp_topic_count_hidden":0,"_bbp_reply_count_hidden":0,"_bbp_forum_subforum_count":0,"footnotes":""},"categories":[15,155,156,91,4],"tags":[],"class_list":["post-14848","post","type-post","status-publish","format-standard","has-post-thumbnail","hentry","category-6e","category-activities-ka-121-2025-26","category-diffusion-ka-121-2025-26","category-erasmus-2","category-portada"],"post_mailing_queue_ids":[],"_links":{"self":[{"href":"https:\/\/agora.xtec.cat\/escguillemfortuny\/wp-json\/wp\/v2\/posts\/14848","targetHints":{"allow":["GET"]}}],"collection":[{"href":"https:\/\/agora.xtec.cat\/escguillemfortuny\/wp-json\/wp\/v2\/posts"}],"about":[{"href":"https:\/\/agora.xtec.cat\/escguillemfortuny\/wp-json\/wp\/v2\/types\/post"}],"author":[{"embeddable":true,"href":"https:\/\/agora.xtec.cat\/escguillemfortuny\/wp-json\/wp\/v2\/users\/4"}],"replies":[{"embeddable":true,"href":"https:\/\/agora.xtec.cat\/escguillemfortuny\/wp-json\/wp\/v2\/comments?post=14848"}],"version-history":[{"count":2,"href":"https:\/\/agora.xtec.cat\/escguillemfortuny\/wp-json\/wp\/v2\/posts\/14848\/revisions"}],"predecessor-version":[{"id":14851,"href":"https:\/\/agora.xtec.cat\/escguillemfortuny\/wp-json\/wp\/v2\/posts\/14848\/revisions\/14851"}],"wp:featuredmedia":[{"embeddable":true,"href":"https:\/\/agora.xtec.cat\/escguillemfortuny\/wp-json\/wp\/v2\/media\/14849"}],"wp:attachment":[{"href":"https:\/\/agora.xtec.cat\/escguillemfortuny\/wp-json\/wp\/v2\/media?parent=14848"}],"wp:term":[{"taxonomy":"category","embeddable":true,"href":"https:\/\/agora.xtec.cat\/escguillemfortuny\/wp-json\/wp\/v2\/categories?post=14848"},{"taxonomy":"post_tag","embeddable":true,"href":"https:\/\/agora.xtec.cat\/escguillemfortuny\/wp-json\/wp\/v2\/tags?post=14848"}],"curies":[{"name":"wp","href":"https:\/\/api.w.org\/{rel}","templated":true}]}}