{"id":4613,"date":"2020-06-08T08:26:27","date_gmt":"2020-06-08T06:26:27","guid":{"rendered":"http:\/\/agora.xtec.cat\/escgueraudepeguera\/?p=4613"},"modified":"2020-06-08T16:25:28","modified_gmt":"2020-06-08T14:25:28","slug":"castellano-8-de-junio-prefijos-y-sufijos-2","status":"publish","type":"post","link":"https:\/\/agora.xtec.cat\/escgueraudepeguera\/primaria\/5e\/castellano-8-de-junio-prefijos-y-sufijos-2\/","title":{"rendered":"Castellano- 8 de junio. Prefijos y sufijos&#8230;"},"content":{"rendered":"<p>Hoy repasaremos los prefijos y los sufijos. Mirad el siguiente v\u00eddeo y despu\u00e9s ten\u00e9is una hoja en &#8220;liveworksheets&#8221; para realizar.<\/p>\n<p>Adem\u00e1s, escribidme 4\u00a0 frases con palabras que los usen. Ya sab\u00e9is que las pod\u00e9is escribir preferiblemente aqu\u00ed abajo en comentarios de la web, o a trav\u00e9s de los m\u00e9todos que ya conoc\u00e9is foto o escritas por Telegram o al email: angles@escolagueraudepeguera.cat<\/p>\n<p>\u00a1Qu\u00e9 teng\u00e1is una estupenda semana!<\/p>\n<p><iframe loading=\"lazy\" title=\"Prefijos y Sufijos - Lengua Castellana\" width=\"500\" height=\"281\" src=\"https:\/\/www.youtube.com\/embed\/p29c2mhm-UE?feature=oembed\" frameborder=\"0\" allow=\"accelerometer; autoplay; clipboard-write; encrypted-media; gyroscope; picture-in-picture; web-share\" referrerpolicy=\"strict-origin-when-cross-origin\" allowfullscreen><\/iframe><\/p>\n<p>&nbsp;<\/p>\n<h1 style=\"text-align: center;\"><strong>ACCESO A LAS ACTIVIDADES<\/strong><\/h1>\n<p>&nbsp;<\/p>\n<div align=\"center\">\n<form id=\"formulariologin\" accept-charset=\"utf-8\" action=\"https:\/\/es.liveworksheets.com\/workbooks\/login.asp\" method=\"POST\"><span style=\"color: #000000; font-family: Arial; font-size: large;\"><b>Identificaci\u00f3n de alumno\/a<\/b><\/span><\/p>\n<p><span style=\"color: #000000; font-family: Arial; font-size: small;\">Usuario:\u00a0<input name=\"usernamestudentlogin\" size=\"19\" type=\"text\" \/><\/p>\n<p>Contrase\u00f1a:\u00a0<input name=\"passwordstudentlogin\" size=\"19\" type=\"password\" \/><\/p>\n<p><input name=\"Send\" type=\"submit\" value=\"Entrar\" \/><\/p>\n<p>Proporcionado por\u00a0<a title=\"Fichas interactivas\" href=\"https:\/\/es.liveworksheets.com\">Live Worksheets<\/a><\/span><\/form>\n<\/div>\n","protected":false},"excerpt":{"rendered":"<p>Hoy repasaremos los prefijos y los sufijos. Mirad el siguiente v\u00eddeo y despu\u00e9s ten\u00e9is una hoja en &#8220;liveworksheets&#8221; para realizar.<br \/>\nAdem\u00e1s, escribidme 4\u00a0 frases con palabras que los usen. Ya sab\u00e9is que las pod\u00e9is escribir preferiblemente aqu\u00ed abajo en comentarios de la web, o a trav\u00e9s&hellip;  <a href=\"https:\/\/agora.xtec.cat\/escgueraudepeguera\/primaria\/5e\/castellano-8-de-junio-prefijos-y-sufijos-2\/\" title=\"Read Castellano- 8 de junio. Prefijos y sufijos&#8230;\">Llegeix m\u00e9s\u00bb<\/a><\/p>\n","protected":false},"author":1,"featured_media":4611,"comment_status":"open","ping_status":"closed","sticky":false,"template":"","format":"standard","meta":{"_bbp_topic_count":0,"_bbp_reply_count":0,"_bbp_total_topic_count":0,"_bbp_total_reply_count":0,"_bbp_voice_count":0,"_bbp_anonymous_reply_count":0,"_bbp_topic_count_hidden":0,"_bbp_reply_count_hidden":0,"_bbp_forum_subforum_count":0,"footnotes":""},"categories":[13],"tags":[112],"class_list":["post-4613","post","type-post","status-publish","format-standard","has-post-thumbnail","hentry","category-5e","tag-yomequedoencasa"],"post_mailing_queue_ids":[],"_links":{"self":[{"href":"https:\/\/agora.xtec.cat\/escgueraudepeguera\/wp-json\/wp\/v2\/posts\/4613","targetHints":{"allow":["GET"]}}],"collection":[{"href":"https:\/\/agora.xtec.cat\/escgueraudepeguera\/wp-json\/wp\/v2\/posts"}],"about":[{"href":"https:\/\/agora.xtec.cat\/escgueraudepeguera\/wp-json\/wp\/v2\/types\/post"}],"author":[{"embeddable":true,"href":"https:\/\/agora.xtec.cat\/escgueraudepeguera\/wp-json\/wp\/v2\/users\/1"}],"replies":[{"embeddable":true,"href":"https:\/\/agora.xtec.cat\/escgueraudepeguera\/wp-json\/wp\/v2\/comments?post=4613"}],"version-history":[{"count":3,"href":"https:\/\/agora.xtec.cat\/escgueraudepeguera\/wp-json\/wp\/v2\/posts\/4613\/revisions"}],"predecessor-version":[{"id":4746,"href":"https:\/\/agora.xtec.cat\/escgueraudepeguera\/wp-json\/wp\/v2\/posts\/4613\/revisions\/4746"}],"wp:featuredmedia":[{"embeddable":true,"href":"https:\/\/agora.xtec.cat\/escgueraudepeguera\/wp-json\/wp\/v2\/media\/4611"}],"wp:attachment":[{"href":"https:\/\/agora.xtec.cat\/escgueraudepeguera\/wp-json\/wp\/v2\/media?parent=4613"}],"wp:term":[{"taxonomy":"category","embeddable":true,"href":"https:\/\/agora.xtec.cat\/escgueraudepeguera\/wp-json\/wp\/v2\/categories?post=4613"},{"taxonomy":"post_tag","embeddable":true,"href":"https:\/\/agora.xtec.cat\/escgueraudepeguera\/wp-json\/wp\/v2\/tags?post=4613"}],"curies":[{"name":"wp","href":"https:\/\/api.w.org\/{rel}","templated":true}]}}