{"id":4544,"date":"2020-06-03T08:00:10","date_gmt":"2020-06-03T06:00:10","guid":{"rendered":"http:\/\/agora.xtec.cat\/escgueraudepeguera\/?p=4544"},"modified":"2021-10-07T13:58:23","modified_gmt":"2021-10-07T11:58:23","slug":"musica-repte-de-percussio","status":"publish","type":"post","link":"https:\/\/agora.xtec.cat\/escgueraudepeguera\/primaria\/3r\/musica-repte-de-percussio\/","title":{"rendered":"M\u00fasica: Repte de percussi\u00f3"},"content":{"rendered":"<p>Hola nenes i nens avui us proposo un repte amb la can\u00e7\u00f3 &#8220;La Primavera&#8221; d&#8217;Antonio Vivaldi,es tracta d&#8217;acompanyar la can\u00e7\u00f3 amb uns instruments molt curiosos, mireu el v\u00eddeo. \u00c9s molt divertit, Va! Som-hi!<iframe loading=\"lazy\" title=\"Repte de percussio\u0301 - infantil i primer cicle\" width=\"500\" height=\"281\" src=\"https:\/\/www.youtube.com\/embed\/mQVg1fJilM4?feature=oembed\" frameborder=\"0\" allow=\"accelerometer; autoplay; clipboard-write; encrypted-media; gyroscope; picture-in-picture; web-share\" referrerpolicy=\"strict-origin-when-cross-origin\" allowfullscreen><\/iframe> <\/p>\n","protected":false},"excerpt":{"rendered":"<p>Hola nenes i nens avui us proposo un repte amb la can\u00e7\u00f3 &#8220;La Primavera&#8221; d&#8217;Antonio Vivaldi,es tracta d&#8217;acompanyar la can\u00e7\u00f3 amb uns instruments molt curiosos, mireu el v\u00eddeo. \u00c9s molt divertit, Va! Som-hi! <\/p>\n","protected":false},"author":1,"featured_media":0,"comment_status":"open","ping_status":"closed","sticky":false,"template":"","format":"standard","meta":{"_bbp_topic_count":0,"_bbp_reply_count":0,"_bbp_total_topic_count":0,"_bbp_total_reply_count":0,"_bbp_voice_count":0,"_bbp_anonymous_reply_count":0,"_bbp_topic_count_hidden":0,"_bbp_reply_count_hidden":0,"_bbp_forum_subforum_count":0,"footnotes":""},"categories":[179,11],"tags":[],"class_list":["post-4544","post","type-post","status-publish","format-standard","hentry","category-179","category-3r"],"post_mailing_queue_ids":[],"_links":{"self":[{"href":"https:\/\/agora.xtec.cat\/escgueraudepeguera\/wp-json\/wp\/v2\/posts\/4544","targetHints":{"allow":["GET"]}}],"collection":[{"href":"https:\/\/agora.xtec.cat\/escgueraudepeguera\/wp-json\/wp\/v2\/posts"}],"about":[{"href":"https:\/\/agora.xtec.cat\/escgueraudepeguera\/wp-json\/wp\/v2\/types\/post"}],"author":[{"embeddable":true,"href":"https:\/\/agora.xtec.cat\/escgueraudepeguera\/wp-json\/wp\/v2\/users\/1"}],"replies":[{"embeddable":true,"href":"https:\/\/agora.xtec.cat\/escgueraudepeguera\/wp-json\/wp\/v2\/comments?post=4544"}],"version-history":[{"count":2,"href":"https:\/\/agora.xtec.cat\/escgueraudepeguera\/wp-json\/wp\/v2\/posts\/4544\/revisions"}],"predecessor-version":[{"id":4546,"href":"https:\/\/agora.xtec.cat\/escgueraudepeguera\/wp-json\/wp\/v2\/posts\/4544\/revisions\/4546"}],"wp:attachment":[{"href":"https:\/\/agora.xtec.cat\/escgueraudepeguera\/wp-json\/wp\/v2\/media?parent=4544"}],"wp:term":[{"taxonomy":"category","embeddable":true,"href":"https:\/\/agora.xtec.cat\/escgueraudepeguera\/wp-json\/wp\/v2\/categories?post=4544"},{"taxonomy":"post_tag","embeddable":true,"href":"https:\/\/agora.xtec.cat\/escgueraudepeguera\/wp-json\/wp\/v2\/tags?post=4544"}],"curies":[{"name":"wp","href":"https:\/\/api.w.org\/{rel}","templated":true}]}}