{"id":2479,"date":"2020-04-23T08:45:00","date_gmt":"2020-04-23T06:45:00","guid":{"rendered":"http:\/\/agora.xtec.cat\/escgueraudepeguera\/?p=2479"},"modified":"2020-04-27T12:29:02","modified_gmt":"2020-04-27T10:29:02","slug":"activitat-aula-dacollida-dijous-23","status":"publish","type":"post","link":"https:\/\/agora.xtec.cat\/escgueraudepeguera\/diversitat\/activitats\/activitat-aula-dacollida-dijous-23\/","title":{"rendered":"ACTIVITAT AULA D&#8217;ACOLLIDA  DIJOUS 23 abril"},"content":{"rendered":"<p>&nbsp;<\/p>\n<p>Bon dia nens i nenes de l&#8217;aula d&#8217;acollida!<\/p>\n<p>Avui celebrem <strong>Sant Jordi! 23 d&#8217;abril<\/strong>.<\/p>\n<p>Observeu la l\u00e0mina\/dibuix i contesteu a les seg\u00fcents preguntes de manera oral. Heu d&#8217;enviar un <strong>\u00e0udio o un v\u00eddeo pel Telegram de l&#8217;aula d&#8217;acollida<\/strong>.<\/p>\n<ol>\n<li style=\"text-align: left;\"><strong>Qu\u00e8 veus en aquesta imatge?<\/strong><\/li>\n<li style=\"text-align: left;\"><strong>On penses que estan els nens i nenes?<\/strong><\/li>\n<li style=\"text-align: left;\"><strong>Qu\u00e8 \u00e9s el que m\u00e9s t&#8217;agrada de la imatge?<\/strong><\/li>\n<li style=\"text-align: left;\"><strong>Qu\u00e8 saps de la festa de Sant Jordi?<\/strong><\/li>\n<\/ol>\n<p>&nbsp;<\/p>\n<p><a href=\"https:\/\/agora.xtec.cat\/escgueraudepeguera\/wp-content\/uploads\/usu1788\/2020\/04\/Captura-de-pantalla-2020-04-20-a-las-10.03.08-1.png\"><img loading=\"lazy\" decoding=\"async\" class=\"size-full wp-image-2482 aligncenter\" src=\"https:\/\/agora.xtec.cat\/escgueraudepeguera\/wp-content\/uploads\/usu1788\/2020\/04\/Captura-de-pantalla-2020-04-20-a-las-10.03.08-1.png\" alt=\"\" width=\"743\" height=\"389\" srcset=\"https:\/\/agora.xtec.cat\/escgueraudepeguera\/wp-content\/uploads\/usu1788\/2020\/04\/Captura-de-pantalla-2020-04-20-a-las-10.03.08-1.png 743w, https:\/\/agora.xtec.cat\/escgueraudepeguera\/wp-content\/uploads\/usu1788\/2020\/04\/Captura-de-pantalla-2020-04-20-a-las-10.03.08-1-300x157.png 300w\" sizes=\"auto, (max-width: 743px) 100vw, 743px\" \/><\/a><\/p>\n<p>&nbsp;<\/p>\n<p>&nbsp;<\/p>\n","protected":false},"excerpt":{"rendered":"<p>&nbsp;<br \/>\nBon dia nens i nenes de l&#8217;aula d&#8217;acollida!<br \/>\nAvui celebrem Sant Jordi! 23 d&#8217;abril.<br \/>\nObserveu la l\u00e0mina\/dibuix i contesteu a les seg\u00fcents preguntes de manera oral. Heu d&#8217;enviar un \u00e0udio o un v\u00eddeo pel Telegram de l&#8217;aula d&#8217;acollida.<\/p>\n<ol>\n<li style=\"text-align: left;\">Qu\u00e8 veus en aquesta imatge?<\/li>\n<li style=\"text-align: left;\">On penses&hellip;  <a href=\"https:\/\/agora.xtec.cat\/escgueraudepeguera\/diversitat\/activitats\/activitat-aula-dacollida-dijous-23\/\" title=\"Read ACTIVITAT AULA D&#8217;ACOLLIDA  DIJOUS 23 abril\">Llegeix m\u00e9s\u00bb<\/a><br \/>\n","protected":false},"author":1,"featured_media":2446,"comment_status":"open","ping_status":"closed","sticky":false,"template":"","format":"standard","meta":{"_bbp_topic_count":0,"_bbp_reply_count":0,"_bbp_total_topic_count":0,"_bbp_total_reply_count":0,"_bbp_voice_count":0,"_bbp_anonymous_reply_count":0,"_bbp_topic_count_hidden":0,"_bbp_reply_count_hidden":0,"_bbp_forum_subforum_count":0,"footnotes":""},"categories":[102],"tags":[110],"class_list":["post-2479","post","type-post","status-publish","format-standard","has-post-thumbnail","hentry","category-activitats","tag-joemquedoacasa"],"post_mailing_queue_ids":[],"_links":{"self":[{"href":"https:\/\/agora.xtec.cat\/escgueraudepeguera\/wp-json\/wp\/v2\/posts\/2479","targetHints":{"allow":["GET"]}}],"collection":[{"href":"https:\/\/agora.xtec.cat\/escgueraudepeguera\/wp-json\/wp\/v2\/posts"}],"about":[{"href":"https:\/\/agora.xtec.cat\/escgueraudepeguera\/wp-json\/wp\/v2\/types\/post"}],"author":[{"embeddable":true,"href":"https:\/\/agora.xtec.cat\/escgueraudepeguera\/wp-json\/wp\/v2\/users\/1"}],"replies":[{"embeddable":true,"href":"https:\/\/agora.xtec.cat\/escgueraudepeguera\/wp-json\/wp\/v2\/comments?post=2479"}],"version-history":[{"count":3,"href":"https:\/\/agora.xtec.cat\/escgueraudepeguera\/wp-json\/wp\/v2\/posts\/2479\/revisions"}],"predecessor-version":[{"id":2539,"href":"https:\/\/agora.xtec.cat\/escgueraudepeguera\/wp-json\/wp\/v2\/posts\/2479\/revisions\/2539"}],"wp:featuredmedia":[{"embeddable":true,"href":"https:\/\/agora.xtec.cat\/escgueraudepeguera\/wp-json\/wp\/v2\/media\/2446"}],"wp:attachment":[{"href":"https:\/\/agora.xtec.cat\/escgueraudepeguera\/wp-json\/wp\/v2\/media?parent=2479"}],"wp:term":[{"taxonomy":"category","embeddable":true,"href":"https:\/\/agora.xtec.cat\/escgueraudepeguera\/wp-json\/wp\/v2\/categories?post=2479"},{"taxonomy":"post_tag","embeddable":true,"href":"https:\/\/agora.xtec.cat\/escgueraudepeguera\/wp-json\/wp\/v2\/tags?post=2479"}],"curies":[{"name":"wp","href":"https:\/\/api.w.org\/{rel}","templated":true}]}}