{"id":9977,"date":"2024-12-19T16:48:04","date_gmt":"2024-12-19T15:48:04","guid":{"rendered":"https:\/\/agora.xtec.cat\/escgaspardeportola\/?p=9977"},"modified":"2024-12-19T16:48:04","modified_gmt":"2024-12-19T15:48:04","slug":"3r-recitacio-de-poesies-a-i4","status":"publish","type":"post","link":"https:\/\/agora.xtec.cat\/escgaspardeportola\/ciclemitja\/3r-recitacio-de-poesies-a-i4\/","title":{"rendered":"3r: RECITACI\u00d3 DE POESIES A I4"},"content":{"rendered":"<p><img loading=\"lazy\" decoding=\"async\" class=\"alignnone  wp-image-9978\" src=\"https:\/\/agora.xtec.cat\/escgaspardeportola\/wp-content\/uploads\/usu555\/2024\/12\/1733047182586-1.jpg\" alt=\"\" width=\"443\" height=\"264\" srcset=\"https:\/\/agora.xtec.cat\/escgaspardeportola\/wp-content\/uploads\/usu555\/2024\/12\/1733047182586-1.jpg 448w, https:\/\/agora.xtec.cat\/escgaspardeportola\/wp-content\/uploads\/usu555\/2024\/12\/1733047182586-1-300x179.jpg 300w\" sizes=\"auto, (max-width: 443px) 100vw, 443px\" \/><\/p>\n<p>S\u2019acaba el trimestre i amb ell les poesies.<\/p>\n<p>Es va comen\u00e7ar amb la realitzaci\u00f3 dels murals corresponents i, despr\u00e9s, es va passar a fer l\u2019assaig dels poemes, pensant en quins gestos, preguntes i vestimenta podien preparar per fer una bona posada en escena.<\/p>\n<p>Aix\u00ed doncs, l\u2019alumnat de tercer ha acabat de recitar els poemes als nens i nenes d\u2019I4. S\u2019han hagut de convertir en bombers, camioners i castanyeres. Altres han portat a l\u2019aula la diversi\u00f3 de la Festa Major, el caliu de la tardor, l\u2019agra\u00efment del dia d\u2019Acci\u00f3 de Gr\u00e0cies i l\u2019arribada del fred.<\/p>\n<p>En el seg\u00fcent <a href=\"https:\/\/drive.google.com\/drive\/folders\/1_8bO84R2Tlh8olkbvNbiZEPA6PyDqnhu?usp=sharing\">enlla\u00e7<\/a>, podeu veure imatges d\u2019aquestes recitacions.<\/p>\n","protected":false},"excerpt":{"rendered":"<p>S\u2019acaba el trimestre i amb ell les poesies. Es va comen\u00e7ar amb la realitzaci\u00f3 dels murals corresponents i, despr\u00e9s, es va passar a fer l\u2019assaig dels poemes, pensant en quins gestos, preguntes i vestimenta podien preparar per fer una bona posada en escena. Aix\u00ed doncs, l\u2019alumnat de tercer ha acabat de recitar els poemes als [&hellip;]<\/p>\n","protected":false},"author":49,"featured_media":0,"comment_status":"open","ping_status":"closed","sticky":false,"template":"","format":"standard","meta":{"_bbp_topic_count":0,"_bbp_reply_count":0,"_bbp_total_topic_count":0,"_bbp_total_reply_count":0,"_bbp_voice_count":0,"_bbp_anonymous_reply_count":0,"_bbp_topic_count_hidden":0,"_bbp_reply_count_hidden":0,"_bbp_forum_subforum_count":0,"site-sidebar-layout":"default","site-content-layout":"","ast-site-content-layout":"","site-content-style":"default","site-sidebar-style":"default","ast-global-header-display":"","ast-banner-title-visibility":"","ast-main-header-display":"","ast-hfb-above-header-display":"","ast-hfb-below-header-display":"","ast-hfb-mobile-header-display":"","site-post-title":"","ast-breadcrumbs-content":"","ast-featured-img":"","footer-sml-layout":"","theme-transparent-header-meta":"","adv-header-id-meta":"","stick-header-meta":"","header-above-stick-meta":"","header-main-stick-meta":"","header-below-stick-meta":"","astra-migrate-meta-layouts":"default","ast-page-background-enabled":"default","ast-page-background-meta":{"desktop":{"background-color":"var(--ast-global-color-4)","background-image":"","background-repeat":"repeat","background-position":"center center","background-size":"auto","background-attachment":"scroll","background-type":"","background-media":"","overlay-type":"","overlay-color":"","overlay-opacity":"","overlay-gradient":""},"tablet":{"background-color":"","background-image":"","background-repeat":"repeat","background-position":"center center","background-size":"auto","background-attachment":"scroll","background-type":"","background-media":"","overlay-type":"","overlay-color":"","overlay-opacity":"","overlay-gradient":""},"mobile":{"background-color":"","background-image":"","background-repeat":"repeat","background-position":"center center","background-size":"auto","background-attachment":"scroll","background-type":"","background-media":"","overlay-type":"","overlay-color":"","overlay-opacity":"","overlay-gradient":""}},"ast-content-background-meta":{"desktop":{"background-color":"var(--ast-global-color-5)","background-image":"","background-repeat":"repeat","background-position":"center center","background-size":"auto","background-attachment":"scroll","background-type":"","background-media":"","overlay-type":"","overlay-color":"","overlay-opacity":"","overlay-gradient":""},"tablet":{"background-color":"var(--ast-global-color-5)","background-image":"","background-repeat":"repeat","background-position":"center center","background-size":"auto","background-attachment":"scroll","background-type":"","background-media":"","overlay-type":"","overlay-color":"","overlay-opacity":"","overlay-gradient":""},"mobile":{"background-color":"var(--ast-global-color-5)","background-image":"","background-repeat":"repeat","background-position":"center center","background-size":"auto","background-attachment":"scroll","background-type":"","background-media":"","overlay-type":"","overlay-color":"","overlay-opacity":"","overlay-gradient":""}},"footnotes":""},"categories":[60],"tags":[280,359,348,486],"class_list":["post-9977","post","type-post","status-publish","format-standard","hentry","category-ciclemitja","tag-cicle-mitja-tercer","tag-i4","tag-poesies","tag-recitar"],"post_mailing_queue_ids":[],"_links":{"self":[{"href":"https:\/\/agora.xtec.cat\/escgaspardeportola\/wp-json\/wp\/v2\/posts\/9977","targetHints":{"allow":["GET"]}}],"collection":[{"href":"https:\/\/agora.xtec.cat\/escgaspardeportola\/wp-json\/wp\/v2\/posts"}],"about":[{"href":"https:\/\/agora.xtec.cat\/escgaspardeportola\/wp-json\/wp\/v2\/types\/post"}],"author":[{"embeddable":true,"href":"https:\/\/agora.xtec.cat\/escgaspardeportola\/wp-json\/wp\/v2\/users\/49"}],"replies":[{"embeddable":true,"href":"https:\/\/agora.xtec.cat\/escgaspardeportola\/wp-json\/wp\/v2\/comments?post=9977"}],"version-history":[{"count":1,"href":"https:\/\/agora.xtec.cat\/escgaspardeportola\/wp-json\/wp\/v2\/posts\/9977\/revisions"}],"predecessor-version":[{"id":9981,"href":"https:\/\/agora.xtec.cat\/escgaspardeportola\/wp-json\/wp\/v2\/posts\/9977\/revisions\/9981"}],"wp:attachment":[{"href":"https:\/\/agora.xtec.cat\/escgaspardeportola\/wp-json\/wp\/v2\/media?parent=9977"}],"wp:term":[{"taxonomy":"category","embeddable":true,"href":"https:\/\/agora.xtec.cat\/escgaspardeportola\/wp-json\/wp\/v2\/categories?post=9977"},{"taxonomy":"post_tag","embeddable":true,"href":"https:\/\/agora.xtec.cat\/escgaspardeportola\/wp-json\/wp\/v2\/tags?post=9977"}],"curies":[{"name":"wp","href":"https:\/\/api.w.org\/{rel}","templated":true}]}}