{"id":9959,"date":"2024-12-31T16:52:02","date_gmt":"2024-12-31T15:52:02","guid":{"rendered":"https:\/\/agora.xtec.cat\/escgaspardeportola\/?p=9959"},"modified":"2024-12-31T16:52:02","modified_gmt":"2024-12-31T15:52:02","slug":"espais-i3-1r-trimestre","status":"publish","type":"post","link":"https:\/\/agora.xtec.cat\/escgaspardeportola\/educacioinfantil\/espais-i3-1r-trimestre\/","title":{"rendered":"ESPAIS I3 1r TRIMESTRE"},"content":{"rendered":"<p>Durant aquest primer trimestre hem estat treballant el projecte LA NOSTRA ESCOLA, doncs \u00e9s l&#8217;espai on petits i grans hem conviscut i compartit experi\u00e8ncies molt enriquidores i hem apr\u00e8s molt\u00edssimes coses. Un cop superat el temps d&#8217;adaptaci\u00f3 al nou entorn, cada classe va escollir el nom que els agradava, ELS CAVALLS i LES VAQUES, i junts hem estat treballant tamb\u00e9 amb els elements de la tardor i les festes com la Castanyada, la Festa Major i el Nadal.<\/p>\n<p>Aqu\u00ed podeu veure un recull de les activitats que hem estat fent en les sessions d&#8217;Espais de Treball, on els infants han manipulat i experimentat amb diferents materials i propostes matem\u00e0tiques, de llenguatge, de medi o grafisme tot gaudint de la interacci\u00f3 amb els altres.<\/p>\n<p>ELS CAVALLS <a href=\"https:\/\/drive.google.com\/drive\/folders\/1OLJpDyPRcOzOdPXXhN5Wr6k-Zqe4OdIA?usp=sharing\">I3A<\/a><\/p>\n<p>LES VAQUES <a href=\"https:\/\/drive.google.com\/drive\/folders\/1cJLHo8DsTZabzh9m6f5sVda3yfnnOdDa?usp=sharing\">I3B<\/a><\/p>\n<p>ESPAIS DE <a href=\"https:\/\/drive.google.com\/drive\/folders\/1CNvs4tQzHulQ6w6S9yjjT56NGbK0bnGC?usp=sharing\">FESTES<\/a><\/p>\n","protected":false},"excerpt":{"rendered":"<p>Durant aquest primer trimestre hem estat treballant el projecte LA NOSTRA ESCOLA, doncs \u00e9s l&#8217;espai on petits i grans hem conviscut i compartit experi\u00e8ncies molt enriquidores i hem apr\u00e8s molt\u00edssimes coses. Un cop superat el temps d&#8217;adaptaci\u00f3 al nou entorn, cada classe va escollir el nom que els agradava, ELS CAVALLS i LES VAQUES, i [&hellip;]<\/p>\n","protected":false},"author":8,"featured_media":0,"comment_status":"closed","ping_status":"closed","sticky":false,"template":"","format":"standard","meta":{"_bbp_topic_count":0,"_bbp_reply_count":0,"_bbp_total_topic_count":0,"_bbp_total_reply_count":0,"_bbp_voice_count":0,"_bbp_anonymous_reply_count":0,"_bbp_topic_count_hidden":0,"_bbp_reply_count_hidden":0,"_bbp_forum_subforum_count":0,"site-sidebar-layout":"default","site-content-layout":"","ast-site-content-layout":"","site-content-style":"default","site-sidebar-style":"default","ast-global-header-display":"","ast-banner-title-visibility":"","ast-main-header-display":"","ast-hfb-above-header-display":"","ast-hfb-below-header-display":"","ast-hfb-mobile-header-display":"","site-post-title":"","ast-breadcrumbs-content":"","ast-featured-img":"","footer-sml-layout":"","theme-transparent-header-meta":"","adv-header-id-meta":"","stick-header-meta":"","header-above-stick-meta":"","header-main-stick-meta":"","header-below-stick-meta":"","astra-migrate-meta-layouts":"default","ast-page-background-enabled":"default","ast-page-background-meta":{"desktop":{"background-color":"var(--ast-global-color-4)","background-image":"","background-repeat":"repeat","background-position":"center center","background-size":"auto","background-attachment":"scroll","background-type":"","background-media":"","overlay-type":"","overlay-color":"","overlay-opacity":"","overlay-gradient":""},"tablet":{"background-color":"","background-image":"","background-repeat":"repeat","background-position":"center center","background-size":"auto","background-attachment":"scroll","background-type":"","background-media":"","overlay-type":"","overlay-color":"","overlay-opacity":"","overlay-gradient":""},"mobile":{"background-color":"","background-image":"","background-repeat":"repeat","background-position":"center center","background-size":"auto","background-attachment":"scroll","background-type":"","background-media":"","overlay-type":"","overlay-color":"","overlay-opacity":"","overlay-gradient":""}},"ast-content-background-meta":{"desktop":{"background-color":"var(--ast-global-color-5)","background-image":"","background-repeat":"repeat","background-position":"center center","background-size":"auto","background-attachment":"scroll","background-type":"","background-media":"","overlay-type":"","overlay-color":"","overlay-opacity":"","overlay-gradient":""},"tablet":{"background-color":"var(--ast-global-color-5)","background-image":"","background-repeat":"repeat","background-position":"center center","background-size":"auto","background-attachment":"scroll","background-type":"","background-media":"","overlay-type":"","overlay-color":"","overlay-opacity":"","overlay-gradient":""},"mobile":{"background-color":"var(--ast-global-color-5)","background-image":"","background-repeat":"repeat","background-position":"center center","background-size":"auto","background-attachment":"scroll","background-type":"","background-media":"","overlay-type":"","overlay-color":"","overlay-opacity":"","overlay-gradient":""}},"footnotes":""},"categories":[64],"tags":[],"class_list":["post-9959","post","type-post","status-publish","format-standard","hentry","category-educacioinfantil"],"post_mailing_queue_ids":[],"_links":{"self":[{"href":"https:\/\/agora.xtec.cat\/escgaspardeportola\/wp-json\/wp\/v2\/posts\/9959","targetHints":{"allow":["GET"]}}],"collection":[{"href":"https:\/\/agora.xtec.cat\/escgaspardeportola\/wp-json\/wp\/v2\/posts"}],"about":[{"href":"https:\/\/agora.xtec.cat\/escgaspardeportola\/wp-json\/wp\/v2\/types\/post"}],"author":[{"embeddable":true,"href":"https:\/\/agora.xtec.cat\/escgaspardeportola\/wp-json\/wp\/v2\/users\/8"}],"replies":[{"embeddable":true,"href":"https:\/\/agora.xtec.cat\/escgaspardeportola\/wp-json\/wp\/v2\/comments?post=9959"}],"version-history":[{"count":3,"href":"https:\/\/agora.xtec.cat\/escgaspardeportola\/wp-json\/wp\/v2\/posts\/9959\/revisions"}],"predecessor-version":[{"id":10022,"href":"https:\/\/agora.xtec.cat\/escgaspardeportola\/wp-json\/wp\/v2\/posts\/9959\/revisions\/10022"}],"wp:attachment":[{"href":"https:\/\/agora.xtec.cat\/escgaspardeportola\/wp-json\/wp\/v2\/media?parent=9959"}],"wp:term":[{"taxonomy":"category","embeddable":true,"href":"https:\/\/agora.xtec.cat\/escgaspardeportola\/wp-json\/wp\/v2\/categories?post=9959"},{"taxonomy":"post_tag","embeddable":true,"href":"https:\/\/agora.xtec.cat\/escgaspardeportola\/wp-json\/wp\/v2\/tags?post=9959"}],"curies":[{"name":"wp","href":"https:\/\/api.w.org\/{rel}","templated":true}]}}