{"id":9899,"date":"2024-12-03T19:41:18","date_gmt":"2024-12-03T18:41:18","guid":{"rendered":"https:\/\/agora.xtec.cat\/escgaspardeportola\/?p=9899"},"modified":"2024-12-04T11:05:59","modified_gmt":"2024-12-04T10:05:59","slug":"i5-espais-dapreentatge","status":"publish","type":"post","link":"https:\/\/agora.xtec.cat\/escgaspardeportola\/educacioinfantil\/i5-espais-dapreentatge\/","title":{"rendered":"I5- ESPAIS D&#8217;APRENENTATGE"},"content":{"rendered":"<p style=\"text-align: justify;\">A llarg del curs, una de les grans propostes pedag\u00f2giques s\u00f3n els espais d\u2019aprenentatge. Suposen uns escenaris d\u2019aprenentatge, de comunicaci\u00f3 i de relaci\u00f3 on els infants interactuen i experimenten amb diferents materials i propostes, dins de cada espai matem\u00e0tic, de llenguatge, de medi i grafisme, on moltes vegades es relacionen amb els interessos dels infants: la natura, les estacions, les festivitats, etc&#8230; .<\/p>\n<p style=\"text-align: justify;\">A cada sessi\u00f3 d&#8217;espais tots i totes, en grup, passen per les quatre propostes. Tot plegat els entusiasma, gaudeixen , poden desenvolupar el raonament, la creativitat i un gran ventall de sabers, on les mestres estem compromeses i intentem afavorir que tot aix\u00f2 es doni , aix\u00ed com tenim molta cura del material i d&#8217;aquesta manera tamb\u00e9 incentivar-los\/les indirecta i directament.<\/p>\n<p style=\"text-align: justify;\">Hem fet un petit i gran recull dels espais d&#8217;aquest primer trimestre, per a que amb el visionat pugueu apreciar el treball dels vostres fills i filles.<\/p>\n<p>Veure <a href=\"https:\/\/drive.google.com\/file\/d\/1iiSvciah949zQrL5F_xPeD4cEcqvRJRQ\/view?usp=drivesdk\">VISIONAT<\/a><\/p>\n","protected":false},"excerpt":{"rendered":"<p>A llarg del curs, una de les grans propostes pedag\u00f2giques s\u00f3n els espais d\u2019aprenentatge. Suposen uns escenaris d\u2019aprenentatge, de comunicaci\u00f3 i de relaci\u00f3 on els infants interactuen i experimenten amb diferents materials i propostes, dins de cada espai matem\u00e0tic, de llenguatge, de medi i grafisme, on moltes vegades es relacionen amb els interessos dels infants: [&hellip;]<\/p>\n","protected":false},"author":59,"featured_media":9906,"comment_status":"closed","ping_status":"closed","sticky":false,"template":"","format":"standard","meta":{"_bbp_topic_count":0,"_bbp_reply_count":0,"_bbp_total_topic_count":0,"_bbp_total_reply_count":0,"_bbp_voice_count":0,"_bbp_anonymous_reply_count":0,"_bbp_topic_count_hidden":0,"_bbp_reply_count_hidden":0,"_bbp_forum_subforum_count":0,"site-sidebar-layout":"default","site-content-layout":"","ast-site-content-layout":"","site-content-style":"default","site-sidebar-style":"default","ast-global-header-display":"","ast-banner-title-visibility":"","ast-main-header-display":"","ast-hfb-above-header-display":"","ast-hfb-below-header-display":"","ast-hfb-mobile-header-display":"","site-post-title":"","ast-breadcrumbs-content":"","ast-featured-img":"","footer-sml-layout":"","theme-transparent-header-meta":"","adv-header-id-meta":"","stick-header-meta":"","header-above-stick-meta":"","header-main-stick-meta":"","header-below-stick-meta":"","astra-migrate-meta-layouts":"default","ast-page-background-enabled":"default","ast-page-background-meta":{"desktop":{"background-color":"var(--ast-global-color-4)","background-image":"","background-repeat":"repeat","background-position":"center center","background-size":"auto","background-attachment":"scroll","background-type":"","background-media":"","overlay-type":"","overlay-color":"","overlay-opacity":"","overlay-gradient":""},"tablet":{"background-color":"","background-image":"","background-repeat":"repeat","background-position":"center center","background-size":"auto","background-attachment":"scroll","background-type":"","background-media":"","overlay-type":"","overlay-color":"","overlay-opacity":"","overlay-gradient":""},"mobile":{"background-color":"","background-image":"","background-repeat":"repeat","background-position":"center center","background-size":"auto","background-attachment":"scroll","background-type":"","background-media":"","overlay-type":"","overlay-color":"","overlay-opacity":"","overlay-gradient":""}},"ast-content-background-meta":{"desktop":{"background-color":"var(--ast-global-color-5)","background-image":"","background-repeat":"repeat","background-position":"center center","background-size":"auto","background-attachment":"scroll","background-type":"","background-media":"","overlay-type":"","overlay-color":"","overlay-opacity":"","overlay-gradient":""},"tablet":{"background-color":"var(--ast-global-color-5)","background-image":"","background-repeat":"repeat","background-position":"center center","background-size":"auto","background-attachment":"scroll","background-type":"","background-media":"","overlay-type":"","overlay-color":"","overlay-opacity":"","overlay-gradient":""},"mobile":{"background-color":"var(--ast-global-color-5)","background-image":"","background-repeat":"repeat","background-position":"center center","background-size":"auto","background-attachment":"scroll","background-type":"","background-media":"","overlay-type":"","overlay-color":"","overlay-opacity":"","overlay-gradient":""}},"footnotes":""},"categories":[64],"tags":[424,349],"class_list":["post-9899","post","type-post","status-publish","format-standard","has-post-thumbnail","hentry","category-educacioinfantil","tag-espais","tag-i5"],"post_mailing_queue_ids":[],"_links":{"self":[{"href":"https:\/\/agora.xtec.cat\/escgaspardeportola\/wp-json\/wp\/v2\/posts\/9899","targetHints":{"allow":["GET"]}}],"collection":[{"href":"https:\/\/agora.xtec.cat\/escgaspardeportola\/wp-json\/wp\/v2\/posts"}],"about":[{"href":"https:\/\/agora.xtec.cat\/escgaspardeportola\/wp-json\/wp\/v2\/types\/post"}],"author":[{"embeddable":true,"href":"https:\/\/agora.xtec.cat\/escgaspardeportola\/wp-json\/wp\/v2\/users\/59"}],"replies":[{"embeddable":true,"href":"https:\/\/agora.xtec.cat\/escgaspardeportola\/wp-json\/wp\/v2\/comments?post=9899"}],"version-history":[{"count":7,"href":"https:\/\/agora.xtec.cat\/escgaspardeportola\/wp-json\/wp\/v2\/posts\/9899\/revisions"}],"predecessor-version":[{"id":9918,"href":"https:\/\/agora.xtec.cat\/escgaspardeportola\/wp-json\/wp\/v2\/posts\/9899\/revisions\/9918"}],"wp:featuredmedia":[{"embeddable":true,"href":"https:\/\/agora.xtec.cat\/escgaspardeportola\/wp-json\/wp\/v2\/media\/9906"}],"wp:attachment":[{"href":"https:\/\/agora.xtec.cat\/escgaspardeportola\/wp-json\/wp\/v2\/media?parent=9899"}],"wp:term":[{"taxonomy":"category","embeddable":true,"href":"https:\/\/agora.xtec.cat\/escgaspardeportola\/wp-json\/wp\/v2\/categories?post=9899"},{"taxonomy":"post_tag","embeddable":true,"href":"https:\/\/agora.xtec.cat\/escgaspardeportola\/wp-json\/wp\/v2\/tags?post=9899"}],"curies":[{"name":"wp","href":"https:\/\/api.w.org\/{rel}","templated":true}]}}