{"id":9848,"date":"2024-11-20T16:15:55","date_gmt":"2024-11-20T15:15:55","guid":{"rendered":"https:\/\/agora.xtec.cat\/escgaspardeportola\/?p=9848"},"modified":"2024-11-20T20:20:27","modified_gmt":"2024-11-20T19:20:27","slug":"conte-musicat-5","status":"publish","type":"post","link":"https:\/\/agora.xtec.cat\/escgaspardeportola\/educacioinfantil\/conte-musicat-5\/","title":{"rendered":"CONTE MUSICAT"},"content":{"rendered":"<p>Dins les activitats del Pla Municipal de din\u00e0mica educativa, aquest mat\u00ed hem anat al teatre a veure el conte musicat: &#8220;Els m\u00fasics de Bremen&#8221;, on l&#8217;Escola Municipal de M\u00fasica de Balaguer ens ha donat a con\u00e8ixer els instruments de l&#8217;orquestra a trav\u00e9s de la narraci\u00f3 d&#8217;aquest conte. Setmanes abans ja vam col\u00b7laborar aportant els nostres dibuixos amb algunes escenes de la hist\u00f2ria i avui tamb\u00e9 hem participat cantant les can\u00e7ons.<br \/>\nAqu\u00ed teniu un petit recull de les <a href=\"https:\/\/drive.google.com\/drive\/folders\/1WwAjOXRvhHRBNAix6iJ_CtZ2ZOe0cG_m\">FOTOS<\/a><\/p>\n","protected":false},"excerpt":{"rendered":"<p>Dins les activitats del Pla Municipal de din\u00e0mica educativa, aquest mat\u00ed hem anat al teatre a veure el conte musicat: &#8220;Els m\u00fasics de Bremen&#8221;, on l&#8217;Escola Municipal de M\u00fasica de Balaguer ens ha donat a con\u00e8ixer els instruments de l&#8217;orquestra a trav\u00e9s de la narraci\u00f3 d&#8217;aquest conte. Setmanes abans ja vam col\u00b7laborar aportant els nostres [&hellip;]<\/p>\n","protected":false},"author":59,"featured_media":9850,"comment_status":"closed","ping_status":"closed","sticky":false,"template":"","format":"standard","meta":{"_bbp_topic_count":0,"_bbp_reply_count":0,"_bbp_total_topic_count":0,"_bbp_total_reply_count":0,"_bbp_voice_count":0,"_bbp_anonymous_reply_count":0,"_bbp_topic_count_hidden":0,"_bbp_reply_count_hidden":0,"_bbp_forum_subforum_count":0,"site-sidebar-layout":"default","site-content-layout":"","ast-site-content-layout":"","site-content-style":"default","site-sidebar-style":"default","ast-global-header-display":"","ast-banner-title-visibility":"","ast-main-header-display":"","ast-hfb-above-header-display":"","ast-hfb-below-header-display":"","ast-hfb-mobile-header-display":"","site-post-title":"","ast-breadcrumbs-content":"","ast-featured-img":"","footer-sml-layout":"","theme-transparent-header-meta":"","adv-header-id-meta":"","stick-header-meta":"","header-above-stick-meta":"","header-main-stick-meta":"","header-below-stick-meta":"","astra-migrate-meta-layouts":"default","ast-page-background-enabled":"default","ast-page-background-meta":{"desktop":{"background-color":"var(--ast-global-color-4)","background-image":"","background-repeat":"repeat","background-position":"center center","background-size":"auto","background-attachment":"scroll","background-type":"","background-media":"","overlay-type":"","overlay-color":"","overlay-opacity":"","overlay-gradient":""},"tablet":{"background-color":"","background-image":"","background-repeat":"repeat","background-position":"center center","background-size":"auto","background-attachment":"scroll","background-type":"","background-media":"","overlay-type":"","overlay-color":"","overlay-opacity":"","overlay-gradient":""},"mobile":{"background-color":"","background-image":"","background-repeat":"repeat","background-position":"center center","background-size":"auto","background-attachment":"scroll","background-type":"","background-media":"","overlay-type":"","overlay-color":"","overlay-opacity":"","overlay-gradient":""}},"ast-content-background-meta":{"desktop":{"background-color":"var(--ast-global-color-5)","background-image":"","background-repeat":"repeat","background-position":"center center","background-size":"auto","background-attachment":"scroll","background-type":"","background-media":"","overlay-type":"","overlay-color":"","overlay-opacity":"","overlay-gradient":""},"tablet":{"background-color":"var(--ast-global-color-5)","background-image":"","background-repeat":"repeat","background-position":"center center","background-size":"auto","background-attachment":"scroll","background-type":"","background-media":"","overlay-type":"","overlay-color":"","overlay-opacity":"","overlay-gradient":""},"mobile":{"background-color":"var(--ast-global-color-5)","background-image":"","background-repeat":"repeat","background-position":"center center","background-size":"auto","background-attachment":"scroll","background-type":"","background-media":"","overlay-type":"","overlay-color":"","overlay-opacity":"","overlay-gradient":""}},"footnotes":""},"categories":[64],"tags":[109,331],"class_list":["post-9848","post","type-post","status-publish","format-standard","has-post-thumbnail","hentry","category-educacioinfantil","tag-contes","tag-musica"],"post_mailing_queue_ids":[],"_links":{"self":[{"href":"https:\/\/agora.xtec.cat\/escgaspardeportola\/wp-json\/wp\/v2\/posts\/9848","targetHints":{"allow":["GET"]}}],"collection":[{"href":"https:\/\/agora.xtec.cat\/escgaspardeportola\/wp-json\/wp\/v2\/posts"}],"about":[{"href":"https:\/\/agora.xtec.cat\/escgaspardeportola\/wp-json\/wp\/v2\/types\/post"}],"author":[{"embeddable":true,"href":"https:\/\/agora.xtec.cat\/escgaspardeportola\/wp-json\/wp\/v2\/users\/59"}],"replies":[{"embeddable":true,"href":"https:\/\/agora.xtec.cat\/escgaspardeportola\/wp-json\/wp\/v2\/comments?post=9848"}],"version-history":[{"count":4,"href":"https:\/\/agora.xtec.cat\/escgaspardeportola\/wp-json\/wp\/v2\/posts\/9848\/revisions"}],"predecessor-version":[{"id":9857,"href":"https:\/\/agora.xtec.cat\/escgaspardeportola\/wp-json\/wp\/v2\/posts\/9848\/revisions\/9857"}],"wp:featuredmedia":[{"embeddable":true,"href":"https:\/\/agora.xtec.cat\/escgaspardeportola\/wp-json\/wp\/v2\/media\/9850"}],"wp:attachment":[{"href":"https:\/\/agora.xtec.cat\/escgaspardeportola\/wp-json\/wp\/v2\/media?parent=9848"}],"wp:term":[{"taxonomy":"category","embeddable":true,"href":"https:\/\/agora.xtec.cat\/escgaspardeportola\/wp-json\/wp\/v2\/categories?post=9848"},{"taxonomy":"post_tag","embeddable":true,"href":"https:\/\/agora.xtec.cat\/escgaspardeportola\/wp-json\/wp\/v2\/tags?post=9848"}],"curies":[{"name":"wp","href":"https:\/\/api.w.org\/{rel}","templated":true}]}}