{"id":9725,"date":"2024-10-29T13:01:43","date_gmt":"2024-10-29T12:01:43","guid":{"rendered":"https:\/\/agora.xtec.cat\/escgaspardeportola\/?p=9725"},"modified":"2024-10-29T13:01:43","modified_gmt":"2024-10-29T12:01:43","slug":"i4-activitats-castanyada-i-halloween","status":"publish","type":"post","link":"https:\/\/agora.xtec.cat\/escgaspardeportola\/educacioinfantil\/i4-activitats-castanyada-i-halloween\/","title":{"rendered":"I4: activitats Castanyada i Halloween"},"content":{"rendered":"<p>Bona tarda!<\/p>\n<p>Fam\u00edlies, com ja sabeu aquesta setmana \u00e9s molt especial, per aix\u00f2 l&#8217;hem volgut estrenar treballant  espais de la Castanyada; fent camins en llum negra, comptant castanyes i posant-les a la seva cistella, treballant vocabulari de la castanyada i la tardor, fent tamb\u00e9 un dictat mut, resseguint la grafia dels nombres i tamb\u00e9 hem fet diferents trencaclosques.<br \/>\nI espais de Halloween; una safata d&#8217;experimentaci\u00f3 terror\u00edfica on hem pogut jugar amb aranyes, carabasses i fantasmes, una segona safata on hem pogut fer pocions, seguint les instruccions i posant tantes aranyes, carabasses&#8230; com ens indicava la recepta, i finalment la placa de luminesc\u00e8ncia, on vam fer uns dibuixos terror\u00edficament divertits!<\/p>\n<p>Vam passar un mat\u00ed molt divertit i enriquidor, del qual us en deixem un <a href=\"https:\/\/www.canva.com\/design\/DAGU3ufBdBg\/oqZeqHfumpGAftEuyxbflw\/watch?utm_content=DAGU3ufBdBg&#038;utm_campaign=designshare&#038;utm_medium=link&#038;utm_source=editor\">petit v\u00eddeo<\/a>!<\/p>\n<p>A la tarda vam seguir amb les activitats especials, fent el seg\u00fcent Escape Room de la tardor que ens va fer pensar i gaudir molt si <a href=\"https:\/\/view.genially.com\/652d715800c9f3001088a02f\/interactive-content-escape-room-castanyada-laura-i-jessica\">cliqueu aqu\u00ed<\/a> podreu fer-lo a casa tamb\u00e9:<br \/>\ni us deixem tamb\u00e9 un petit recull de <a href=\"https:\/\/drive.google.com\/drive\/folders\/1BKJ0NH2euge_CMlmUVYphE55ogWw2p4A\">fotos!<\/a><\/p>\n","protected":false},"excerpt":{"rendered":"<p>Bona tarda! Fam\u00edlies, com ja sabeu aquesta setmana \u00e9s molt especial, per aix\u00f2 l&#8217;hem volgut estrenar treballant espais de la Castanyada; fent camins en llum negra, comptant castanyes i posant-les a la seva cistella, treballant vocabulari de la castanyada i la tardor, fent tamb\u00e9 un dictat mut, resseguint la grafia dels nombres i tamb\u00e9 hem [&hellip;]<\/p>\n","protected":false},"author":37,"featured_media":0,"comment_status":"closed","ping_status":"closed","sticky":false,"template":"","format":"standard","meta":{"_bbp_topic_count":0,"_bbp_reply_count":0,"_bbp_total_topic_count":0,"_bbp_total_reply_count":0,"_bbp_voice_count":0,"_bbp_anonymous_reply_count":0,"_bbp_topic_count_hidden":0,"_bbp_reply_count_hidden":0,"_bbp_forum_subforum_count":0,"site-sidebar-layout":"default","site-content-layout":"","ast-site-content-layout":"","site-content-style":"default","site-sidebar-style":"default","ast-global-header-display":"","ast-banner-title-visibility":"","ast-main-header-display":"","ast-hfb-above-header-display":"","ast-hfb-below-header-display":"","ast-hfb-mobile-header-display":"","site-post-title":"","ast-breadcrumbs-content":"","ast-featured-img":"","footer-sml-layout":"","theme-transparent-header-meta":"","adv-header-id-meta":"","stick-header-meta":"","header-above-stick-meta":"","header-main-stick-meta":"","header-below-stick-meta":"","astra-migrate-meta-layouts":"default","ast-page-background-enabled":"default","ast-page-background-meta":{"desktop":{"background-color":"var(--ast-global-color-4)","background-image":"","background-repeat":"repeat","background-position":"center center","background-size":"auto","background-attachment":"scroll","background-type":"","background-media":"","overlay-type":"","overlay-color":"","overlay-opacity":"","overlay-gradient":""},"tablet":{"background-color":"","background-image":"","background-repeat":"repeat","background-position":"center center","background-size":"auto","background-attachment":"scroll","background-type":"","background-media":"","overlay-type":"","overlay-color":"","overlay-opacity":"","overlay-gradient":""},"mobile":{"background-color":"","background-image":"","background-repeat":"repeat","background-position":"center center","background-size":"auto","background-attachment":"scroll","background-type":"","background-media":"","overlay-type":"","overlay-color":"","overlay-opacity":"","overlay-gradient":""}},"ast-content-background-meta":{"desktop":{"background-color":"var(--ast-global-color-5)","background-image":"","background-repeat":"repeat","background-position":"center center","background-size":"auto","background-attachment":"scroll","background-type":"","background-media":"","overlay-type":"","overlay-color":"","overlay-opacity":"","overlay-gradient":""},"tablet":{"background-color":"var(--ast-global-color-5)","background-image":"","background-repeat":"repeat","background-position":"center center","background-size":"auto","background-attachment":"scroll","background-type":"","background-media":"","overlay-type":"","overlay-color":"","overlay-opacity":"","overlay-gradient":""},"mobile":{"background-color":"var(--ast-global-color-5)","background-image":"","background-repeat":"repeat","background-position":"center center","background-size":"auto","background-attachment":"scroll","background-type":"","background-media":"","overlay-type":"","overlay-color":"","overlay-opacity":"","overlay-gradient":""}},"footnotes":""},"categories":[64],"tags":[],"class_list":["post-9725","post","type-post","status-publish","format-standard","hentry","category-educacioinfantil"],"post_mailing_queue_ids":[],"_links":{"self":[{"href":"https:\/\/agora.xtec.cat\/escgaspardeportola\/wp-json\/wp\/v2\/posts\/9725","targetHints":{"allow":["GET"]}}],"collection":[{"href":"https:\/\/agora.xtec.cat\/escgaspardeportola\/wp-json\/wp\/v2\/posts"}],"about":[{"href":"https:\/\/agora.xtec.cat\/escgaspardeportola\/wp-json\/wp\/v2\/types\/post"}],"author":[{"embeddable":true,"href":"https:\/\/agora.xtec.cat\/escgaspardeportola\/wp-json\/wp\/v2\/users\/37"}],"replies":[{"embeddable":true,"href":"https:\/\/agora.xtec.cat\/escgaspardeportola\/wp-json\/wp\/v2\/comments?post=9725"}],"version-history":[{"count":5,"href":"https:\/\/agora.xtec.cat\/escgaspardeportola\/wp-json\/wp\/v2\/posts\/9725\/revisions"}],"predecessor-version":[{"id":9740,"href":"https:\/\/agora.xtec.cat\/escgaspardeportola\/wp-json\/wp\/v2\/posts\/9725\/revisions\/9740"}],"wp:attachment":[{"href":"https:\/\/agora.xtec.cat\/escgaspardeportola\/wp-json\/wp\/v2\/media?parent=9725"}],"wp:term":[{"taxonomy":"category","embeddable":true,"href":"https:\/\/agora.xtec.cat\/escgaspardeportola\/wp-json\/wp\/v2\/categories?post=9725"},{"taxonomy":"post_tag","embeddable":true,"href":"https:\/\/agora.xtec.cat\/escgaspardeportola\/wp-json\/wp\/v2\/tags?post=9725"}],"curies":[{"name":"wp","href":"https:\/\/api.w.org\/{rel}","templated":true}]}}