{"id":9665,"date":"2024-09-26T08:22:20","date_gmt":"2024-09-26T06:22:20","guid":{"rendered":"https:\/\/agora.xtec.cat\/escgaspardeportola\/?p=9665"},"modified":"2024-09-25T08:55:28","modified_gmt":"2024-09-25T06:55:28","slug":"dia-europeu-de-les-llengues","status":"publish","type":"post","link":"https:\/\/agora.xtec.cat\/escgaspardeportola\/general\/dia-europeu-de-les-llengues\/","title":{"rendered":"DIA EUROPEU DE LES LLENG\u00dcES"},"content":{"rendered":"<p>Hola, Buna ziua,\u00a0 \u0645\u0631\u062d\u0628\u064b\u0627\u00a0 , \u06c1\u06cc\u0644\u0648,\u00a0 \u00a0bonjour,\u00a0 hello,&#8230;.<\/p>\n<p>Des de l&#8217;Aula d&#8217;Acollida saludem a tota la fam\u00edlia de Gaspar i amb vosaltres volem celebrar el <strong>dia europeu de les lleng\u00fces<\/strong><\/p>\n<p>( dijous, 26 de setembre )<strong>.<\/strong><\/p>\n<p>Durant els darrers dies hem recordat els nostres or\u00edgens i les nostres lleng\u00fces maternes.<\/p>\n<p>Entre tots hem elegit una paraula que t\u00e9 un significat molt especial i que si la f\u00e9ssim servir m\u00e9s sovint de ben segur que no\u00a0 hauria tanta pobresa, ni viol\u00e8ncia\u00a0 ni guerres&#8230;<\/p>\n<p>La paraula\u00a0 <strong>ESTIMAR<\/strong>.<\/p>\n<p>Hem treballat aquesta paraula en totes les lleng\u00fces que tenim a l&#8217;Aula i\u00a0 hem acabat fent un p\u00f2ster molt especial perqu\u00e8 hi ha una mica de cadasc\u00fa de nosaltres.<\/p>\n<p>Us dediquem a tots vosaltres, companys i companyes de Gaspar, aquest treball i us enviem amb el significat de la paraula <a href=\"https:\/\/www.canva.com\/design\/DAGRs487-_Q\/tpJnGHuBG_PwJhoAjiVxkg\/watch?utm_content=DAGRs487-_Q&amp;utm_campaign=designshare&amp;utm_medium=link&amp;utm_source=editor\"><strong>ESTIMAR<\/strong>,<\/a> una abra\u00e7ada molt gran!!!<\/p>\n<p>Clica l&#8217;enlla\u00e7\u00a0 !!\ud83d\ude18<\/p>\n<p>&nbsp;<\/p>\n","protected":false},"excerpt":{"rendered":"<p>Hola, Buna ziua,\u00a0 \u0645\u0631\u062d\u0628\u064b\u0627\u00a0 , \u06c1\u06cc\u0644\u0648,\u00a0 \u00a0bonjour,\u00a0 hello,&#8230;. Des de l&#8217;Aula d&#8217;Acollida saludem a tota la fam\u00edlia de Gaspar i amb vosaltres volem celebrar el dia europeu de les lleng\u00fces ( dijous, 26 de setembre ). Durant els darrers dies hem recordat els nostres or\u00edgens i les nostres lleng\u00fces maternes. Entre tots hem elegit una [&hellip;]<\/p>\n","protected":false},"author":42,"featured_media":0,"comment_status":"closed","ping_status":"closed","sticky":false,"template":"","format":"standard","meta":{"_bbp_topic_count":0,"_bbp_reply_count":0,"_bbp_total_topic_count":0,"_bbp_total_reply_count":0,"_bbp_voice_count":0,"_bbp_anonymous_reply_count":0,"_bbp_topic_count_hidden":0,"_bbp_reply_count_hidden":0,"_bbp_forum_subforum_count":0,"site-sidebar-layout":"default","site-content-layout":"","ast-site-content-layout":"","site-content-style":"default","site-sidebar-style":"default","ast-global-header-display":"","ast-banner-title-visibility":"","ast-main-header-display":"","ast-hfb-above-header-display":"","ast-hfb-below-header-display":"","ast-hfb-mobile-header-display":"","site-post-title":"","ast-breadcrumbs-content":"","ast-featured-img":"","footer-sml-layout":"","theme-transparent-header-meta":"","adv-header-id-meta":"","stick-header-meta":"","header-above-stick-meta":"","header-main-stick-meta":"","header-below-stick-meta":"","astra-migrate-meta-layouts":"default","ast-page-background-enabled":"default","ast-page-background-meta":{"desktop":{"background-color":"var(--ast-global-color-4)","background-image":"","background-repeat":"repeat","background-position":"center center","background-size":"auto","background-attachment":"scroll","background-type":"","background-media":"","overlay-type":"","overlay-color":"","overlay-opacity":"","overlay-gradient":""},"tablet":{"background-color":"","background-image":"","background-repeat":"repeat","background-position":"center center","background-size":"auto","background-attachment":"scroll","background-type":"","background-media":"","overlay-type":"","overlay-color":"","overlay-opacity":"","overlay-gradient":""},"mobile":{"background-color":"","background-image":"","background-repeat":"repeat","background-position":"center center","background-size":"auto","background-attachment":"scroll","background-type":"","background-media":"","overlay-type":"","overlay-color":"","overlay-opacity":"","overlay-gradient":""}},"ast-content-background-meta":{"desktop":{"background-color":"var(--ast-global-color-5)","background-image":"","background-repeat":"repeat","background-position":"center center","background-size":"auto","background-attachment":"scroll","background-type":"","background-media":"","overlay-type":"","overlay-color":"","overlay-opacity":"","overlay-gradient":""},"tablet":{"background-color":"var(--ast-global-color-5)","background-image":"","background-repeat":"repeat","background-position":"center center","background-size":"auto","background-attachment":"scroll","background-type":"","background-media":"","overlay-type":"","overlay-color":"","overlay-opacity":"","overlay-gradient":""},"mobile":{"background-color":"var(--ast-global-color-5)","background-image":"","background-repeat":"repeat","background-position":"center center","background-size":"auto","background-attachment":"scroll","background-type":"","background-media":"","overlay-type":"","overlay-color":"","overlay-opacity":"","overlay-gradient":""}},"footnotes":""},"categories":[339,1,4],"tags":[369,457],"class_list":["post-9665","post","type-post","status-publish","format-standard","hentry","category-acollida","category-general","category-portada","tag-aula-acollida","tag-catala"],"post_mailing_queue_ids":[],"_links":{"self":[{"href":"https:\/\/agora.xtec.cat\/escgaspardeportola\/wp-json\/wp\/v2\/posts\/9665","targetHints":{"allow":["GET"]}}],"collection":[{"href":"https:\/\/agora.xtec.cat\/escgaspardeportola\/wp-json\/wp\/v2\/posts"}],"about":[{"href":"https:\/\/agora.xtec.cat\/escgaspardeportola\/wp-json\/wp\/v2\/types\/post"}],"author":[{"embeddable":true,"href":"https:\/\/agora.xtec.cat\/escgaspardeportola\/wp-json\/wp\/v2\/users\/42"}],"replies":[{"embeddable":true,"href":"https:\/\/agora.xtec.cat\/escgaspardeportola\/wp-json\/wp\/v2\/comments?post=9665"}],"version-history":[{"count":3,"href":"https:\/\/agora.xtec.cat\/escgaspardeportola\/wp-json\/wp\/v2\/posts\/9665\/revisions"}],"predecessor-version":[{"id":9668,"href":"https:\/\/agora.xtec.cat\/escgaspardeportola\/wp-json\/wp\/v2\/posts\/9665\/revisions\/9668"}],"wp:attachment":[{"href":"https:\/\/agora.xtec.cat\/escgaspardeportola\/wp-json\/wp\/v2\/media?parent=9665"}],"wp:term":[{"taxonomy":"category","embeddable":true,"href":"https:\/\/agora.xtec.cat\/escgaspardeportola\/wp-json\/wp\/v2\/categories?post=9665"},{"taxonomy":"post_tag","embeddable":true,"href":"https:\/\/agora.xtec.cat\/escgaspardeportola\/wp-json\/wp\/v2\/tags?post=9665"}],"curies":[{"name":"wp","href":"https:\/\/api.w.org\/{rel}","templated":true}]}}