{"id":9616,"date":"2024-07-01T13:12:54","date_gmt":"2024-07-01T11:12:54","guid":{"rendered":"https:\/\/agora.xtec.cat\/escgaspardeportola\/?p=9616"},"modified":"2024-07-01T13:12:54","modified_gmt":"2024-07-01T11:12:54","slug":"orles-i-comiats-curs-2023-2024","status":"publish","type":"post","link":"https:\/\/agora.xtec.cat\/escgaspardeportola\/portada\/orles-i-comiats-curs-2023-2024\/","title":{"rendered":"Orles i comiats curs 2023-2024"},"content":{"rendered":"<p>Divendres 21 de juny vam estar tot el mat\u00ed de gran celebraci\u00f3.<\/p>\n<p>Primerament, vam celebrar el pas de l&#8217;etapa d&#8217;educaci\u00f3 infantil a educaci\u00f3 prim\u00e0ria de l&#8217;alumnat d&#8217;I5, on es va repartir una orla per a cada infant.<\/p>\n<p><a href=\"https:\/\/drive.google.com\/drive\/folders\/1HvyULnhenPEJoj-YO-wqOywFYf-48gYy?usp=sharing\"><strong>FOTOS ORLES I5<\/strong> <\/a><\/p>\n<p>Seguidament, es va celebrar les orles a 6\u00e8 on ens van homenatjar amb un ball per classe i el professorat del cicle els hi va repartir les orles. Va ser un comiat molt emotiu on tots els companys i companyes de l&#8217;escola els hi van poder dir &#8220;fins aviat&#8221;!<\/p>\n<p><a href=\"https:\/\/drive.google.com\/drive\/folders\/1tVChc-BngGWpcykJVzRqYcNcaCDBGGn2?usp=sharing\"><strong>FOTOS ORLES I COMIAT 6\u00c8<\/strong><\/a><\/p>\n<p>Finalment, els mateixos infants de 6\u00e8 i voluntaris de 5\u00e8 van organitzar un homenatge a la Dolors, <span class=\"hiddenSpellError\">Juanjo<\/span> i Miquel administrativa i mestres de l&#8217;escola per dir un bonic i dol\u00e7 &#8220;fins aviat&#8221; amb motiu de la seva jubilaci\u00f3.<\/p>\n<p><a href=\"https:\/\/drive.google.com\/drive\/folders\/1PYjpaWWTbs27BDBhaNiyOAOCQcqfD7fF?usp=sharing\"><strong>FOTOS JUBILACIONS 2024<\/strong><\/a><\/p>\n<p>Tot plegat, un emotiu dia de fi de curs.<\/p>\n<p><img loading=\"lazy\" decoding=\"async\" class=\"alignleft size-large wp-image-9617\" src=\"https:\/\/agora.xtec.cat\/escgaspardeportola\/wp-content\/uploads\/usu555\/2024\/07\/Fi-curs-i-Jubilacions-225-1024x768.jpg\" alt=\"\" width=\"1024\" height=\"768\" srcset=\"https:\/\/agora.xtec.cat\/escgaspardeportola\/wp-content\/uploads\/usu555\/2024\/07\/Fi-curs-i-Jubilacions-225-1024x768.jpg 1024w, https:\/\/agora.xtec.cat\/escgaspardeportola\/wp-content\/uploads\/usu555\/2024\/07\/Fi-curs-i-Jubilacions-225-300x225.jpg 300w, https:\/\/agora.xtec.cat\/escgaspardeportola\/wp-content\/uploads\/usu555\/2024\/07\/Fi-curs-i-Jubilacions-225-768x576.jpg 768w, https:\/\/agora.xtec.cat\/escgaspardeportola\/wp-content\/uploads\/usu555\/2024\/07\/Fi-curs-i-Jubilacions-225-1536x1152.jpg 1536w, https:\/\/agora.xtec.cat\/escgaspardeportola\/wp-content\/uploads\/usu555\/2024\/07\/Fi-curs-i-Jubilacions-225-200x150.jpg 200w, https:\/\/agora.xtec.cat\/escgaspardeportola\/wp-content\/uploads\/usu555\/2024\/07\/Fi-curs-i-Jubilacions-225.jpg 1836w\" sizes=\"auto, (max-width: 1024px) 100vw, 1024px\" \/><\/p>\n<p>&nbsp;<\/p>\n<p>&nbsp;<\/p>\n","protected":false},"excerpt":{"rendered":"<p>Divendres 21 de juny vam estar tot el mat\u00ed de gran celebraci\u00f3. Primerament, vam celebrar el pas de l&#8217;etapa d&#8217;educaci\u00f3 infantil a educaci\u00f3 prim\u00e0ria de l&#8217;alumnat d&#8217;I5, on es va repartir una orla per a cada infant. FOTOS ORLES I5 Seguidament, es va celebrar les orles a 6\u00e8 on ens van homenatjar amb un ball [&hellip;]<\/p>\n","protected":false},"author":1,"featured_media":0,"comment_status":"closed","ping_status":"closed","sticky":false,"template":"","format":"standard","meta":{"_bbp_topic_count":0,"_bbp_reply_count":0,"_bbp_total_topic_count":0,"_bbp_total_reply_count":0,"_bbp_voice_count":0,"_bbp_anonymous_reply_count":0,"_bbp_topic_count_hidden":0,"_bbp_reply_count_hidden":0,"_bbp_forum_subforum_count":0,"site-sidebar-layout":"default","site-content-layout":"","ast-site-content-layout":"","site-content-style":"default","site-sidebar-style":"default","ast-global-header-display":"","ast-banner-title-visibility":"","ast-main-header-display":"","ast-hfb-above-header-display":"","ast-hfb-below-header-display":"","ast-hfb-mobile-header-display":"","site-post-title":"","ast-breadcrumbs-content":"","ast-featured-img":"","footer-sml-layout":"","theme-transparent-header-meta":"","adv-header-id-meta":"","stick-header-meta":"","header-above-stick-meta":"","header-main-stick-meta":"","header-below-stick-meta":"","astra-migrate-meta-layouts":"default","ast-page-background-enabled":"default","ast-page-background-meta":{"desktop":{"background-color":"var(--ast-global-color-4)","background-image":"","background-repeat":"repeat","background-position":"center center","background-size":"auto","background-attachment":"scroll","background-type":"","background-media":"","overlay-type":"","overlay-color":"","overlay-opacity":"","overlay-gradient":""},"tablet":{"background-color":"","background-image":"","background-repeat":"repeat","background-position":"center center","background-size":"auto","background-attachment":"scroll","background-type":"","background-media":"","overlay-type":"","overlay-color":"","overlay-opacity":"","overlay-gradient":""},"mobile":{"background-color":"","background-image":"","background-repeat":"repeat","background-position":"center center","background-size":"auto","background-attachment":"scroll","background-type":"","background-media":"","overlay-type":"","overlay-color":"","overlay-opacity":"","overlay-gradient":""}},"ast-content-background-meta":{"desktop":{"background-color":"var(--ast-global-color-5)","background-image":"","background-repeat":"repeat","background-position":"center center","background-size":"auto","background-attachment":"scroll","background-type":"","background-media":"","overlay-type":"","overlay-color":"","overlay-opacity":"","overlay-gradient":""},"tablet":{"background-color":"var(--ast-global-color-5)","background-image":"","background-repeat":"repeat","background-position":"center center","background-size":"auto","background-attachment":"scroll","background-type":"","background-media":"","overlay-type":"","overlay-color":"","overlay-opacity":"","overlay-gradient":""},"mobile":{"background-color":"var(--ast-global-color-5)","background-image":"","background-repeat":"repeat","background-position":"center center","background-size":"auto","background-attachment":"scroll","background-type":"","background-media":"","overlay-type":"","overlay-color":"","overlay-opacity":"","overlay-gradient":""}},"footnotes":""},"categories":[4],"tags":[],"class_list":["post-9616","post","type-post","status-publish","format-standard","hentry","category-portada"],"post_mailing_queue_ids":[],"_links":{"self":[{"href":"https:\/\/agora.xtec.cat\/escgaspardeportola\/wp-json\/wp\/v2\/posts\/9616","targetHints":{"allow":["GET"]}}],"collection":[{"href":"https:\/\/agora.xtec.cat\/escgaspardeportola\/wp-json\/wp\/v2\/posts"}],"about":[{"href":"https:\/\/agora.xtec.cat\/escgaspardeportola\/wp-json\/wp\/v2\/types\/post"}],"author":[{"embeddable":true,"href":"https:\/\/agora.xtec.cat\/escgaspardeportola\/wp-json\/wp\/v2\/users\/1"}],"replies":[{"embeddable":true,"href":"https:\/\/agora.xtec.cat\/escgaspardeportola\/wp-json\/wp\/v2\/comments?post=9616"}],"version-history":[{"count":1,"href":"https:\/\/agora.xtec.cat\/escgaspardeportola\/wp-json\/wp\/v2\/posts\/9616\/revisions"}],"predecessor-version":[{"id":9618,"href":"https:\/\/agora.xtec.cat\/escgaspardeportola\/wp-json\/wp\/v2\/posts\/9616\/revisions\/9618"}],"wp:attachment":[{"href":"https:\/\/agora.xtec.cat\/escgaspardeportola\/wp-json\/wp\/v2\/media?parent=9616"}],"wp:term":[{"taxonomy":"category","embeddable":true,"href":"https:\/\/agora.xtec.cat\/escgaspardeportola\/wp-json\/wp\/v2\/categories?post=9616"},{"taxonomy":"post_tag","embeddable":true,"href":"https:\/\/agora.xtec.cat\/escgaspardeportola\/wp-json\/wp\/v2\/tags?post=9616"}],"curies":[{"name":"wp","href":"https:\/\/api.w.org\/{rel}","templated":true}]}}