{"id":9610,"date":"2024-06-22T18:51:57","date_gmt":"2024-06-22T16:51:57","guid":{"rendered":"https:\/\/agora.xtec.cat\/escgaspardeportola\/?p=9610"},"modified":"2024-06-22T18:51:57","modified_gmt":"2024-06-22T16:51:57","slug":"recollida-de-taps-finalitzacio-del-projecte","status":"publish","type":"post","link":"https:\/\/agora.xtec.cat\/escgaspardeportola\/general\/recollida-de-taps-finalitzacio-del-projecte\/","title":{"rendered":"Recollida de taps. Finalitzaci\u00f3 del projecte"},"content":{"rendered":"<p><img loading=\"lazy\" decoding=\"async\" class=\"wp-image-9611 alignright\" src=\"https:\/\/agora.xtec.cat\/escgaspardeportola\/wp-content\/uploads\/usu555\/2024\/06\/taps-1024x479.jpeg\" alt=\"\" width=\"408\" height=\"191\" srcset=\"https:\/\/agora.xtec.cat\/escgaspardeportola\/wp-content\/uploads\/usu555\/2024\/06\/taps-1024x479.jpeg 1024w, https:\/\/agora.xtec.cat\/escgaspardeportola\/wp-content\/uploads\/usu555\/2024\/06\/taps-300x140.jpeg 300w, https:\/\/agora.xtec.cat\/escgaspardeportola\/wp-content\/uploads\/usu555\/2024\/06\/taps-768x359.jpeg 768w, https:\/\/agora.xtec.cat\/escgaspardeportola\/wp-content\/uploads\/usu555\/2024\/06\/taps-1536x718.jpeg 1536w, https:\/\/agora.xtec.cat\/escgaspardeportola\/wp-content\/uploads\/usu555\/2024\/06\/taps.jpeg 1794w\" sizes=\"auto, (max-width: 408px) 100vw, 408px\" \/>L&#8217;octubre del 2021 des de la <strong><span style=\"color: #339966;\">Comissi\u00f3 d&#8217;Escola Verda<\/span><\/strong> vam iniciar la recollida de taps de pl\u00e0stic amb un doble objectiu. Per una banda, la reutilitzaci\u00f3 dels taps de pl\u00e0stic (reducci\u00f3 de l&#8217;emissi\u00f3 de <strong>CO<sup>2<\/sup><\/strong>, principal gas causant del canvi clim\u00e0tic, a l&#8217;atmosfera) i, per una altra banda, l&#8217;obtenci\u00f3 indirecta de beneficis econ\u00f2mics per a poder ajudar a finan\u00e7ar tractaments m\u00e8dics d&#8217;infants no coberts (o coberts en part) per la Seguretat Social.<\/p>\n<p>Despr\u00e9s d&#8217;aquests tres cursos de recollida de taps, en els qu\u00e8 s&#8217;han obtingut m\u00e9s de 1.000 quilos, hem d&#8217;anunciar que, per diferents motius, aquest projecte <em><strong>NO continuar\u00e0 portant-se a terme<\/strong><\/em>.<\/p>\n<p>Des de la Comissi\u00f3 d&#8217;Escola Verda volem donar la m\u00e9s sincera de les felicitacions i el m\u00e9s profund agra\u00efment per la vostra resposta al llarg d&#8217;aquests tres anys.<\/p>\n<p>Gr\u00e0cies de tot cor.<\/p>\n","protected":false},"excerpt":{"rendered":"<p>L&#8217;octubre del 2021 des de la Comissi\u00f3 d&#8217;Escola Verda vam iniciar la recollida de taps de pl\u00e0stic amb un doble objectiu. Per una banda, la reutilitzaci\u00f3 dels taps de pl\u00e0stic (reducci\u00f3 de l&#8217;emissi\u00f3 de CO2, principal gas causant del canvi clim\u00e0tic, a l&#8217;atmosfera) i, per una altra banda, l&#8217;obtenci\u00f3 indirecta de beneficis econ\u00f2mics per a [&hellip;]<\/p>\n","protected":false},"author":1,"featured_media":0,"comment_status":"closed","ping_status":"closed","sticky":false,"template":"","format":"standard","meta":{"_bbp_topic_count":0,"_bbp_reply_count":0,"_bbp_total_topic_count":0,"_bbp_total_reply_count":0,"_bbp_voice_count":0,"_bbp_anonymous_reply_count":0,"_bbp_topic_count_hidden":0,"_bbp_reply_count_hidden":0,"_bbp_forum_subforum_count":0,"site-sidebar-layout":"default","site-content-layout":"","ast-site-content-layout":"","site-content-style":"default","site-sidebar-style":"default","ast-global-header-display":"","ast-banner-title-visibility":"","ast-main-header-display":"","ast-hfb-above-header-display":"","ast-hfb-below-header-display":"","ast-hfb-mobile-header-display":"","site-post-title":"","ast-breadcrumbs-content":"","ast-featured-img":"","footer-sml-layout":"","theme-transparent-header-meta":"","adv-header-id-meta":"","stick-header-meta":"","header-above-stick-meta":"","header-main-stick-meta":"","header-below-stick-meta":"","astra-migrate-meta-layouts":"default","ast-page-background-enabled":"default","ast-page-background-meta":{"desktop":{"background-color":"var(--ast-global-color-4)","background-image":"","background-repeat":"repeat","background-position":"center center","background-size":"auto","background-attachment":"scroll","background-type":"","background-media":"","overlay-type":"","overlay-color":"","overlay-opacity":"","overlay-gradient":""},"tablet":{"background-color":"","background-image":"","background-repeat":"repeat","background-position":"center center","background-size":"auto","background-attachment":"scroll","background-type":"","background-media":"","overlay-type":"","overlay-color":"","overlay-opacity":"","overlay-gradient":""},"mobile":{"background-color":"","background-image":"","background-repeat":"repeat","background-position":"center center","background-size":"auto","background-attachment":"scroll","background-type":"","background-media":"","overlay-type":"","overlay-color":"","overlay-opacity":"","overlay-gradient":""}},"ast-content-background-meta":{"desktop":{"background-color":"var(--ast-global-color-5)","background-image":"","background-repeat":"repeat","background-position":"center center","background-size":"auto","background-attachment":"scroll","background-type":"","background-media":"","overlay-type":"","overlay-color":"","overlay-opacity":"","overlay-gradient":""},"tablet":{"background-color":"var(--ast-global-color-5)","background-image":"","background-repeat":"repeat","background-position":"center center","background-size":"auto","background-attachment":"scroll","background-type":"","background-media":"","overlay-type":"","overlay-color":"","overlay-opacity":"","overlay-gradient":""},"mobile":{"background-color":"var(--ast-global-color-5)","background-image":"","background-repeat":"repeat","background-position":"center center","background-size":"auto","background-attachment":"scroll","background-type":"","background-media":"","overlay-type":"","overlay-color":"","overlay-opacity":"","overlay-gradient":""}},"footnotes":""},"categories":[110,1,4,347],"tags":[],"class_list":["post-9610","post","type-post","status-publish","format-standard","hentry","category-escola-verda","category-general","category-portada","category-revista"],"post_mailing_queue_ids":[],"_links":{"self":[{"href":"https:\/\/agora.xtec.cat\/escgaspardeportola\/wp-json\/wp\/v2\/posts\/9610","targetHints":{"allow":["GET"]}}],"collection":[{"href":"https:\/\/agora.xtec.cat\/escgaspardeportola\/wp-json\/wp\/v2\/posts"}],"about":[{"href":"https:\/\/agora.xtec.cat\/escgaspardeportola\/wp-json\/wp\/v2\/types\/post"}],"author":[{"embeddable":true,"href":"https:\/\/agora.xtec.cat\/escgaspardeportola\/wp-json\/wp\/v2\/users\/1"}],"replies":[{"embeddable":true,"href":"https:\/\/agora.xtec.cat\/escgaspardeportola\/wp-json\/wp\/v2\/comments?post=9610"}],"version-history":[{"count":1,"href":"https:\/\/agora.xtec.cat\/escgaspardeportola\/wp-json\/wp\/v2\/posts\/9610\/revisions"}],"predecessor-version":[{"id":9612,"href":"https:\/\/agora.xtec.cat\/escgaspardeportola\/wp-json\/wp\/v2\/posts\/9610\/revisions\/9612"}],"wp:attachment":[{"href":"https:\/\/agora.xtec.cat\/escgaspardeportola\/wp-json\/wp\/v2\/media?parent=9610"}],"wp:term":[{"taxonomy":"category","embeddable":true,"href":"https:\/\/agora.xtec.cat\/escgaspardeportola\/wp-json\/wp\/v2\/categories?post=9610"},{"taxonomy":"post_tag","embeddable":true,"href":"https:\/\/agora.xtec.cat\/escgaspardeportola\/wp-json\/wp\/v2\/tags?post=9610"}],"curies":[{"name":"wp","href":"https:\/\/api.w.org\/{rel}","templated":true}]}}