{"id":9550,"date":"2024-06-11T23:31:21","date_gmt":"2024-06-11T21:31:21","guid":{"rendered":"https:\/\/agora.xtec.cat\/escgaspardeportola\/?p=9550"},"modified":"2024-06-12T12:16:24","modified_gmt":"2024-06-12T10:16:24","slug":"english-day-2","status":"publish","type":"post","link":"https:\/\/agora.xtec.cat\/escgaspardeportola\/general\/english-day-2\/","title":{"rendered":"ENGLISH DAY"},"content":{"rendered":"<p style=\"text-align: left;\">El passat dijous dia 6 de juny vam dur a terme el nostre &#8220;English day&#8221;. Un mat\u00ed dedicat a la llengua anglesa en el qual participen tots els infants de la nostra escola, des de I3 fins a 6\u00e8. Aquests \u00faltims s\u00f3n els encarregats d&#8217;explicar a la resta de companys i companyes m\u00e9s petits, el que realitzaran en cada activitat. Portem a terme un gran ventall d&#8217;activitats com: storytelling, mimics, arts, songs, coreography, vocabulari activities, etc&#8230;<\/p>\n<p>Organitzem grups amb edats heterog\u00e8nies i els\/les mestres amb l&#8217;ajuda d&#8217;un mapa, anem passant d&#8217;activitat en activitat. En cada una ens trobem els \/les companyes de 6\u00e8 que ens guien en l&#8217;activitat a realitzar.<\/p>\n<p>Val a dir, que les setmanes anteriors al &#8220;English day&#8221; s\u00f3n molt intenses per als &#8220;teachers&#8221; organitzant tot el necessari i tamb\u00e9 per als nostres alumnes de 6\u00e8 que s&#8217;han de preparar les instruccions. Tot aix\u00f2 amb l&#8217;o<span style=\"font-family: inherit; font-size: 1em;\">bjectiu d&#8217;utilitzar la llengua anglesa per comunicar-nos en un entorn l\u00fadic i fer-la propera. <\/span><\/p>\n<p><span style=\"font-family: inherit; font-size: 1em;\">Vam gaudir d&#8217;una bona jornada, per aqu\u00ed us deixem unes <\/span><a href=\"https:\/\/drive.google.com\/drive\/folders\/1lJMfS1LTSrvO13eQ5J2zXh42voL57iz3\">fotos<\/a><span style=\"font-family: inherit; font-size: 1em;\">!!<\/span><\/p>\n<p>Teachers de Gaspar de Portol\u00e0<\/p>\n","protected":false},"excerpt":{"rendered":"<p>El passat dijous dia 6 de juny vam dur a terme el nostre &#8220;English day&#8221;. Un mat\u00ed dedicat a la llengua anglesa en el qual participen tots els infants de la nostra escola, des de I3 fins a 6\u00e8. Aquests \u00faltims s\u00f3n els encarregats d&#8217;explicar a la resta de companys i companyes m\u00e9s petits, el [&hellip;]<\/p>\n","protected":false},"author":32,"featured_media":0,"comment_status":"closed","ping_status":"closed","sticky":false,"template":"","format":"standard","meta":{"_bbp_topic_count":0,"_bbp_reply_count":0,"_bbp_total_topic_count":0,"_bbp_total_reply_count":0,"_bbp_voice_count":0,"_bbp_anonymous_reply_count":0,"_bbp_topic_count_hidden":0,"_bbp_reply_count_hidden":0,"_bbp_forum_subforum_count":0,"site-sidebar-layout":"default","site-content-layout":"","ast-site-content-layout":"","site-content-style":"default","site-sidebar-style":"default","ast-global-header-display":"","ast-banner-title-visibility":"","ast-main-header-display":"","ast-hfb-above-header-display":"","ast-hfb-below-header-display":"","ast-hfb-mobile-header-display":"","site-post-title":"","ast-breadcrumbs-content":"","ast-featured-img":"","footer-sml-layout":"","theme-transparent-header-meta":"","adv-header-id-meta":"","stick-header-meta":"","header-above-stick-meta":"","header-main-stick-meta":"","header-below-stick-meta":"","astra-migrate-meta-layouts":"default","ast-page-background-enabled":"default","ast-page-background-meta":{"desktop":{"background-color":"var(--ast-global-color-4)","background-image":"","background-repeat":"repeat","background-position":"center center","background-size":"auto","background-attachment":"scroll","background-type":"","background-media":"","overlay-type":"","overlay-color":"","overlay-opacity":"","overlay-gradient":""},"tablet":{"background-color":"","background-image":"","background-repeat":"repeat","background-position":"center center","background-size":"auto","background-attachment":"scroll","background-type":"","background-media":"","overlay-type":"","overlay-color":"","overlay-opacity":"","overlay-gradient":""},"mobile":{"background-color":"","background-image":"","background-repeat":"repeat","background-position":"center center","background-size":"auto","background-attachment":"scroll","background-type":"","background-media":"","overlay-type":"","overlay-color":"","overlay-opacity":"","overlay-gradient":""}},"ast-content-background-meta":{"desktop":{"background-color":"var(--ast-global-color-5)","background-image":"","background-repeat":"repeat","background-position":"center center","background-size":"auto","background-attachment":"scroll","background-type":"","background-media":"","overlay-type":"","overlay-color":"","overlay-opacity":"","overlay-gradient":""},"tablet":{"background-color":"var(--ast-global-color-5)","background-image":"","background-repeat":"repeat","background-position":"center center","background-size":"auto","background-attachment":"scroll","background-type":"","background-media":"","overlay-type":"","overlay-color":"","overlay-opacity":"","overlay-gradient":""},"mobile":{"background-color":"var(--ast-global-color-5)","background-image":"","background-repeat":"repeat","background-position":"center center","background-size":"auto","background-attachment":"scroll","background-type":"","background-media":"","overlay-type":"","overlay-color":"","overlay-opacity":"","overlay-gradient":""}},"footnotes":""},"categories":[1],"tags":[],"class_list":["post-9550","post","type-post","status-publish","format-standard","hentry","category-general"],"post_mailing_queue_ids":[],"_links":{"self":[{"href":"https:\/\/agora.xtec.cat\/escgaspardeportola\/wp-json\/wp\/v2\/posts\/9550","targetHints":{"allow":["GET"]}}],"collection":[{"href":"https:\/\/agora.xtec.cat\/escgaspardeportola\/wp-json\/wp\/v2\/posts"}],"about":[{"href":"https:\/\/agora.xtec.cat\/escgaspardeportola\/wp-json\/wp\/v2\/types\/post"}],"author":[{"embeddable":true,"href":"https:\/\/agora.xtec.cat\/escgaspardeportola\/wp-json\/wp\/v2\/users\/32"}],"replies":[{"embeddable":true,"href":"https:\/\/agora.xtec.cat\/escgaspardeportola\/wp-json\/wp\/v2\/comments?post=9550"}],"version-history":[{"count":3,"href":"https:\/\/agora.xtec.cat\/escgaspardeportola\/wp-json\/wp\/v2\/posts\/9550\/revisions"}],"predecessor-version":[{"id":9553,"href":"https:\/\/agora.xtec.cat\/escgaspardeportola\/wp-json\/wp\/v2\/posts\/9550\/revisions\/9553"}],"wp:attachment":[{"href":"https:\/\/agora.xtec.cat\/escgaspardeportola\/wp-json\/wp\/v2\/media?parent=9550"}],"wp:term":[{"taxonomy":"category","embeddable":true,"href":"https:\/\/agora.xtec.cat\/escgaspardeportola\/wp-json\/wp\/v2\/categories?post=9550"},{"taxonomy":"post_tag","embeddable":true,"href":"https:\/\/agora.xtec.cat\/escgaspardeportola\/wp-json\/wp\/v2\/tags?post=9550"}],"curies":[{"name":"wp","href":"https:\/\/api.w.org\/{rel}","templated":true}]}}