{"id":9480,"date":"2024-05-23T17:18:20","date_gmt":"2024-05-23T15:18:20","guid":{"rendered":"https:\/\/agora.xtec.cat\/escgaspardeportola\/?p=9480"},"modified":"2024-05-23T17:19:15","modified_gmt":"2024-05-23T15:19:15","slug":"cantata-5e","status":"publish","type":"post","link":"https:\/\/agora.xtec.cat\/escgaspardeportola\/general\/cantata-5e\/","title":{"rendered":"Cantata 5\u00e8"},"content":{"rendered":"<p><img loading=\"lazy\" decoding=\"async\" class=\"alignnone size-large wp-image-9482\" src=\"https:\/\/agora.xtec.cat\/escgaspardeportola\/wp-content\/uploads\/usu555\/2024\/05\/1716476244974-1024x576.jpg\" alt=\"\" width=\"1024\" height=\"576\" srcset=\"https:\/\/agora.xtec.cat\/escgaspardeportola\/wp-content\/uploads\/usu555\/2024\/05\/1716476244974-1024x576.jpg 1024w, https:\/\/agora.xtec.cat\/escgaspardeportola\/wp-content\/uploads\/usu555\/2024\/05\/1716476244974-300x169.jpg 300w, https:\/\/agora.xtec.cat\/escgaspardeportola\/wp-content\/uploads\/usu555\/2024\/05\/1716476244974-768x432.jpg 768w, https:\/\/agora.xtec.cat\/escgaspardeportola\/wp-content\/uploads\/usu555\/2024\/05\/1716476244974-1536x864.jpg 1536w, https:\/\/agora.xtec.cat\/escgaspardeportola\/wp-content\/uploads\/usu555\/2024\/05\/1716476244974.jpg 1600w\" sizes=\"auto, (max-width: 1024px) 100vw, 1024px\" \/>Avui l&#8217;alumnat de 5\u00e8, juntament amb la resta d&#8217;escoles de Balaguer,\u00a0 hem participat en una jornada musical a la pla\u00e7a mercadal. Primer hem cantat una can\u00e7\u00f3 dissenyada per nosaltres (lletra i coreografia) amb la tem\u00e0tica de l&#8217;estalvi d&#8217;aigua i per acabar totes les escoles hem fet una can\u00e7\u00f3 conjunta amb la tem\u00e0tica igualtat de g\u00e8nere. D&#8217;aquesta \u00faltima hem estat tamb\u00e9 preparant un v\u00eddeoclip que pr\u00f2ximament us enviarem.<\/p>\n<p><a href=\"https:\/\/drive.google.com\/file\/d\/1hhOQgI50syHjabJv_ndNJxIbQA1gKOr4\/view?t=1\">V\u00eddeo<\/a><\/p>\n","protected":false},"excerpt":{"rendered":"<p>Avui l&#8217;alumnat de 5\u00e8, juntament amb la resta d&#8217;escoles de Balaguer,\u00a0 hem participat en una jornada musical a la pla\u00e7a mercadal. Primer hem cantat una can\u00e7\u00f3 dissenyada per nosaltres (lletra i coreografia) amb la tem\u00e0tica de l&#8217;estalvi d&#8217;aigua i per acabar totes les escoles hem fet una can\u00e7\u00f3 conjunta amb la tem\u00e0tica igualtat de g\u00e8nere. [&hellip;]<\/p>\n","protected":false},"author":57,"featured_media":0,"comment_status":"closed","ping_status":"closed","sticky":false,"template":"","format":"standard","meta":{"_bbp_topic_count":0,"_bbp_reply_count":0,"_bbp_total_topic_count":0,"_bbp_total_reply_count":0,"_bbp_voice_count":0,"_bbp_anonymous_reply_count":0,"_bbp_topic_count_hidden":0,"_bbp_reply_count_hidden":0,"_bbp_forum_subforum_count":0,"site-sidebar-layout":"default","site-content-layout":"","ast-site-content-layout":"","site-content-style":"default","site-sidebar-style":"default","ast-global-header-display":"","ast-banner-title-visibility":"","ast-main-header-display":"","ast-hfb-above-header-display":"","ast-hfb-below-header-display":"","ast-hfb-mobile-header-display":"","site-post-title":"","ast-breadcrumbs-content":"","ast-featured-img":"","footer-sml-layout":"","theme-transparent-header-meta":"","adv-header-id-meta":"","stick-header-meta":"","header-above-stick-meta":"","header-main-stick-meta":"","header-below-stick-meta":"","astra-migrate-meta-layouts":"default","ast-page-background-enabled":"default","ast-page-background-meta":{"desktop":{"background-color":"var(--ast-global-color-4)","background-image":"","background-repeat":"repeat","background-position":"center center","background-size":"auto","background-attachment":"scroll","background-type":"","background-media":"","overlay-type":"","overlay-color":"","overlay-opacity":"","overlay-gradient":""},"tablet":{"background-color":"","background-image":"","background-repeat":"repeat","background-position":"center center","background-size":"auto","background-attachment":"scroll","background-type":"","background-media":"","overlay-type":"","overlay-color":"","overlay-opacity":"","overlay-gradient":""},"mobile":{"background-color":"","background-image":"","background-repeat":"repeat","background-position":"center center","background-size":"auto","background-attachment":"scroll","background-type":"","background-media":"","overlay-type":"","overlay-color":"","overlay-opacity":"","overlay-gradient":""}},"ast-content-background-meta":{"desktop":{"background-color":"var(--ast-global-color-5)","background-image":"","background-repeat":"repeat","background-position":"center center","background-size":"auto","background-attachment":"scroll","background-type":"","background-media":"","overlay-type":"","overlay-color":"","overlay-opacity":"","overlay-gradient":""},"tablet":{"background-color":"var(--ast-global-color-5)","background-image":"","background-repeat":"repeat","background-position":"center center","background-size":"auto","background-attachment":"scroll","background-type":"","background-media":"","overlay-type":"","overlay-color":"","overlay-opacity":"","overlay-gradient":""},"mobile":{"background-color":"var(--ast-global-color-5)","background-image":"","background-repeat":"repeat","background-position":"center center","background-size":"auto","background-attachment":"scroll","background-type":"","background-media":"","overlay-type":"","overlay-color":"","overlay-opacity":"","overlay-gradient":""}},"footnotes":""},"categories":[290,1],"tags":[],"class_list":["post-9480","post","type-post","status-publish","format-standard","hentry","category-cicle-superior","category-general"],"post_mailing_queue_ids":[],"_links":{"self":[{"href":"https:\/\/agora.xtec.cat\/escgaspardeportola\/wp-json\/wp\/v2\/posts\/9480","targetHints":{"allow":["GET"]}}],"collection":[{"href":"https:\/\/agora.xtec.cat\/escgaspardeportola\/wp-json\/wp\/v2\/posts"}],"about":[{"href":"https:\/\/agora.xtec.cat\/escgaspardeportola\/wp-json\/wp\/v2\/types\/post"}],"author":[{"embeddable":true,"href":"https:\/\/agora.xtec.cat\/escgaspardeportola\/wp-json\/wp\/v2\/users\/57"}],"replies":[{"embeddable":true,"href":"https:\/\/agora.xtec.cat\/escgaspardeportola\/wp-json\/wp\/v2\/comments?post=9480"}],"version-history":[{"count":2,"href":"https:\/\/agora.xtec.cat\/escgaspardeportola\/wp-json\/wp\/v2\/posts\/9480\/revisions"}],"predecessor-version":[{"id":9483,"href":"https:\/\/agora.xtec.cat\/escgaspardeportola\/wp-json\/wp\/v2\/posts\/9480\/revisions\/9483"}],"wp:attachment":[{"href":"https:\/\/agora.xtec.cat\/escgaspardeportola\/wp-json\/wp\/v2\/media?parent=9480"}],"wp:term":[{"taxonomy":"category","embeddable":true,"href":"https:\/\/agora.xtec.cat\/escgaspardeportola\/wp-json\/wp\/v2\/categories?post=9480"},{"taxonomy":"post_tag","embeddable":true,"href":"https:\/\/agora.xtec.cat\/escgaspardeportola\/wp-json\/wp\/v2\/tags?post=9480"}],"curies":[{"name":"wp","href":"https:\/\/api.w.org\/{rel}","templated":true}]}}