{"id":9439,"date":"2024-05-09T18:39:59","date_gmt":"2024-05-09T16:39:59","guid":{"rendered":"https:\/\/agora.xtec.cat\/escgaspardeportola\/?p=9439"},"modified":"2024-05-09T18:42:29","modified_gmt":"2024-05-09T16:42:29","slug":"els-infants-di3-visitem-una-peixateria","status":"publish","type":"post","link":"https:\/\/agora.xtec.cat\/escgaspardeportola\/general\/els-infants-di3-visitem-una-peixateria\/","title":{"rendered":"Els infants d&#8217;I3 visitem una peixateria"},"content":{"rendered":"<p> Bona tarda, fam\u00edlies!<\/p>\n<p>Aquest tercer trimestre estem ben immersos en un nou projecte: &#8220;Del mar a taula&#8221;. Ja que \u00e9s la forma m\u00e9s propera de con\u00e8ixer els animals que viuen al mar i que ens agrada tant menjar.<\/p>\n<p>Per aix\u00f2 aquest mat\u00ed hem anat a visitar la peixateria Sol\u00e9, on ens han ensenyat els diferents tipus de peixos, mol\u00b7luscos i crustacis que viuen al mar, <a href=\"https:\/\/drive.google.com\/drive\/folders\/1LRzmxm9Pw7eVMMEl2XlQG3Tdfzg_ElsN?usp=drive_link\">com podeu veure en les fotos ha estat una gran experi\u00e8ncia!<\/a><\/p>\n<p>Hem aprofitat la visita per comprar seitons, sardines, una llu\u00e7eta&#8230; i aquesta tarda a la classe hem pogut observar l&#8217;espina, l&#8217;opercle, les aletes, i tamb\u00e9 els hem obert per poder observar els intestins, l&#8217;est\u00f3mac i la bufeta natat\u00f2ria, quin &#8220;globus&#8221; m\u00e9s curi\u00f3s!!<a href=\"https:\/\/drive.google.com\/drive\/folders\/1LsgRc4PymJc_Xm3PID40dhsMM45rTVyY?usp=drive_link\"> Mireu que atents i encuriosits hem estat!<\/a><\/p>\n<p>Durant els dies vinents continuarem observant de ben a prop els mol\u00b7luscos i els crustacis.<\/p>\n<p>No podem acabar aquest article sense mostrar el nostre sincer agra\u00efment a la peixateria Sol\u00e9, que ens han obert les portes de la seva peixateria de bat a bat i ens han ensenyat amb molta amabilitat i simpatia els peixos, crustacis i mol\u00b7luscos!!<\/p>\n<p>Moltes gr\u00e0cies!!\ud83e\udd70<\/p>\n","protected":false},"excerpt":{"rendered":"<p>Bona tarda, fam\u00edlies! Aquest tercer trimestre estem ben immersos en un nou projecte: &#8220;Del mar a taula&#8221;. Ja que \u00e9s la forma m\u00e9s propera de con\u00e8ixer els animals que viuen al mar i que ens agrada tant menjar. Per aix\u00f2 aquest mat\u00ed hem anat a visitar la peixateria Sol\u00e9, on ens han ensenyat els diferents [&hellip;]<\/p>\n","protected":false},"author":37,"featured_media":0,"comment_status":"closed","ping_status":"closed","sticky":false,"template":"","format":"standard","meta":{"_bbp_topic_count":0,"_bbp_reply_count":0,"_bbp_total_topic_count":0,"_bbp_total_reply_count":0,"_bbp_voice_count":0,"_bbp_anonymous_reply_count":0,"_bbp_topic_count_hidden":0,"_bbp_reply_count_hidden":0,"_bbp_forum_subforum_count":0,"site-sidebar-layout":"default","site-content-layout":"","ast-site-content-layout":"","site-content-style":"default","site-sidebar-style":"default","ast-global-header-display":"","ast-banner-title-visibility":"","ast-main-header-display":"","ast-hfb-above-header-display":"","ast-hfb-below-header-display":"","ast-hfb-mobile-header-display":"","site-post-title":"","ast-breadcrumbs-content":"","ast-featured-img":"","footer-sml-layout":"","theme-transparent-header-meta":"","adv-header-id-meta":"","stick-header-meta":"","header-above-stick-meta":"","header-main-stick-meta":"","header-below-stick-meta":"","astra-migrate-meta-layouts":"default","ast-page-background-enabled":"default","ast-page-background-meta":{"desktop":{"background-color":"var(--ast-global-color-4)","background-image":"","background-repeat":"repeat","background-position":"center center","background-size":"auto","background-attachment":"scroll","background-type":"","background-media":"","overlay-type":"","overlay-color":"","overlay-opacity":"","overlay-gradient":""},"tablet":{"background-color":"","background-image":"","background-repeat":"repeat","background-position":"center center","background-size":"auto","background-attachment":"scroll","background-type":"","background-media":"","overlay-type":"","overlay-color":"","overlay-opacity":"","overlay-gradient":""},"mobile":{"background-color":"","background-image":"","background-repeat":"repeat","background-position":"center center","background-size":"auto","background-attachment":"scroll","background-type":"","background-media":"","overlay-type":"","overlay-color":"","overlay-opacity":"","overlay-gradient":""}},"ast-content-background-meta":{"desktop":{"background-color":"var(--ast-global-color-5)","background-image":"","background-repeat":"repeat","background-position":"center center","background-size":"auto","background-attachment":"scroll","background-type":"","background-media":"","overlay-type":"","overlay-color":"","overlay-opacity":"","overlay-gradient":""},"tablet":{"background-color":"var(--ast-global-color-5)","background-image":"","background-repeat":"repeat","background-position":"center center","background-size":"auto","background-attachment":"scroll","background-type":"","background-media":"","overlay-type":"","overlay-color":"","overlay-opacity":"","overlay-gradient":""},"mobile":{"background-color":"var(--ast-global-color-5)","background-image":"","background-repeat":"repeat","background-position":"center center","background-size":"auto","background-attachment":"scroll","background-type":"","background-media":"","overlay-type":"","overlay-color":"","overlay-opacity":"","overlay-gradient":""}},"footnotes":""},"categories":[64,1],"tags":[],"class_list":["post-9439","post","type-post","status-publish","format-standard","hentry","category-educacioinfantil","category-general"],"post_mailing_queue_ids":[],"_links":{"self":[{"href":"https:\/\/agora.xtec.cat\/escgaspardeportola\/wp-json\/wp\/v2\/posts\/9439","targetHints":{"allow":["GET"]}}],"collection":[{"href":"https:\/\/agora.xtec.cat\/escgaspardeportola\/wp-json\/wp\/v2\/posts"}],"about":[{"href":"https:\/\/agora.xtec.cat\/escgaspardeportola\/wp-json\/wp\/v2\/types\/post"}],"author":[{"embeddable":true,"href":"https:\/\/agora.xtec.cat\/escgaspardeportola\/wp-json\/wp\/v2\/users\/37"}],"replies":[{"embeddable":true,"href":"https:\/\/agora.xtec.cat\/escgaspardeportola\/wp-json\/wp\/v2\/comments?post=9439"}],"version-history":[{"count":6,"href":"https:\/\/agora.xtec.cat\/escgaspardeportola\/wp-json\/wp\/v2\/posts\/9439\/revisions"}],"predecessor-version":[{"id":9445,"href":"https:\/\/agora.xtec.cat\/escgaspardeportola\/wp-json\/wp\/v2\/posts\/9439\/revisions\/9445"}],"wp:attachment":[{"href":"https:\/\/agora.xtec.cat\/escgaspardeportola\/wp-json\/wp\/v2\/media?parent=9439"}],"wp:term":[{"taxonomy":"category","embeddable":true,"href":"https:\/\/agora.xtec.cat\/escgaspardeportola\/wp-json\/wp\/v2\/categories?post=9439"},{"taxonomy":"post_tag","embeddable":true,"href":"https:\/\/agora.xtec.cat\/escgaspardeportola\/wp-json\/wp\/v2\/tags?post=9439"}],"curies":[{"name":"wp","href":"https:\/\/api.w.org\/{rel}","templated":true}]}}