{"id":9437,"date":"2024-05-07T19:20:36","date_gmt":"2024-05-07T17:20:36","guid":{"rendered":"https:\/\/agora.xtec.cat\/escgaspardeportola\/?p=9437"},"modified":"2024-05-07T19:20:36","modified_gmt":"2024-05-07T17:20:36","slug":"sortida-planta-sorigue-i-museu-de-lor","status":"publish","type":"post","link":"https:\/\/agora.xtec.cat\/escgaspardeportola\/educacioinfantil\/sortida-planta-sorigue-i-museu-de-lor\/","title":{"rendered":"SORTIDA PLANTA SORIGU\u00c9 I MUSEU DE L&#8217;OR."},"content":{"rendered":"<p>Avui els infants d&#8217;I5 hem anat a la Planta Sorigu\u00e9 de Men\u00e0rguens per visitar les dues exposicions.<\/p>\n<p>&#8220;Double Mind&#8221;, una monumental instal\u00b7laci\u00f3 de l\u2019artista madrileny <strong>Juan Mu\u00f1oz<\/strong>, com una gran ciutat en la qual tots nosaltres transitem. Aquesta visita t\u00e9 com a objectiu principal descobrir la import\u00e0ncia de l\u2019arquitectura, entesa no \u00fanicament com a element constru\u00eft, sin\u00f3 com a condicionant del paisatge i de la vida. La visita pret\u00e9n apropar als nens i les nenes als espais urbans i quotidians, incitant-los a la reflexi\u00f3 sobre el m\u00f3n que els envolta, reflexionant a la vegada sobre el nostre paper en aquest entorn i la nostra manera de relacionar-nos-hi.<\/p>\n<p>La segona, de <strong>William Kentridge<\/strong>, &#8220;More Sweetly Play the Dance&#8221; ens presenta una process\u00f3 protagonitzada per un gran nombre de personatges. Malgrat que tots segueixen el mateix cam\u00ed, la manera com ho fa cada un d\u2019ells \u00e9s \u00fanica, cosa que els converteix en testimonis de diferents circumst\u00e0ncies.<\/p>\n<p>Despr\u00e9s hem anat al Museu de l&#8217;or de Balaguer, on els infants han pogut con\u00e8ixer diferents tipus de minerals que podem trobar en el nostre entorn, entre ells, l&#8217;or del Riu Segre.<\/p>\n<p>Aqu\u00ed podeu veure unes fotos:\u00a0 \u00a0 \u00a0 \u00a0 \u00a0 <a href=\"https:\/\/drive.google.com\/drive\/folders\/1wTn_Jclp4cKfzdmPhk0z-stYT_TCFuSM?usp=sharing\">I5A<\/a>\u00a0 \u00a0 \u00a0 \u00a0 \u00a0 \u00a0 <a href=\"https:\/\/drive.google.com\/drive\/folders\/1sGpYQQQ8Vi4IRPVhj1B_lXvKavLB92WP?usp=sharing\">I5B<\/a><\/p>\n","protected":false},"excerpt":{"rendered":"<p>Avui els infants d&#8217;I5 hem anat a la Planta Sorigu\u00e9 de Men\u00e0rguens per visitar les dues exposicions. &#8220;Double Mind&#8221;, una monumental instal\u00b7laci\u00f3 de l\u2019artista madrileny Juan Mu\u00f1oz, com una gran ciutat en la qual tots nosaltres transitem. Aquesta visita t\u00e9 com a objectiu principal descobrir la import\u00e0ncia de l\u2019arquitectura, entesa no \u00fanicament com a element [&hellip;]<\/p>\n","protected":false},"author":8,"featured_media":0,"comment_status":"closed","ping_status":"closed","sticky":false,"template":"","format":"standard","meta":{"_bbp_topic_count":0,"_bbp_reply_count":0,"_bbp_total_topic_count":0,"_bbp_total_reply_count":0,"_bbp_voice_count":0,"_bbp_anonymous_reply_count":0,"_bbp_topic_count_hidden":0,"_bbp_reply_count_hidden":0,"_bbp_forum_subforum_count":0,"site-sidebar-layout":"default","site-content-layout":"","ast-site-content-layout":"","site-content-style":"default","site-sidebar-style":"default","ast-global-header-display":"","ast-banner-title-visibility":"","ast-main-header-display":"","ast-hfb-above-header-display":"","ast-hfb-below-header-display":"","ast-hfb-mobile-header-display":"","site-post-title":"","ast-breadcrumbs-content":"","ast-featured-img":"","footer-sml-layout":"","theme-transparent-header-meta":"","adv-header-id-meta":"","stick-header-meta":"","header-above-stick-meta":"","header-main-stick-meta":"","header-below-stick-meta":"","astra-migrate-meta-layouts":"default","ast-page-background-enabled":"default","ast-page-background-meta":{"desktop":{"background-color":"var(--ast-global-color-4)","background-image":"","background-repeat":"repeat","background-position":"center center","background-size":"auto","background-attachment":"scroll","background-type":"","background-media":"","overlay-type":"","overlay-color":"","overlay-opacity":"","overlay-gradient":""},"tablet":{"background-color":"","background-image":"","background-repeat":"repeat","background-position":"center center","background-size":"auto","background-attachment":"scroll","background-type":"","background-media":"","overlay-type":"","overlay-color":"","overlay-opacity":"","overlay-gradient":""},"mobile":{"background-color":"","background-image":"","background-repeat":"repeat","background-position":"center center","background-size":"auto","background-attachment":"scroll","background-type":"","background-media":"","overlay-type":"","overlay-color":"","overlay-opacity":"","overlay-gradient":""}},"ast-content-background-meta":{"desktop":{"background-color":"var(--ast-global-color-5)","background-image":"","background-repeat":"repeat","background-position":"center center","background-size":"auto","background-attachment":"scroll","background-type":"","background-media":"","overlay-type":"","overlay-color":"","overlay-opacity":"","overlay-gradient":""},"tablet":{"background-color":"var(--ast-global-color-5)","background-image":"","background-repeat":"repeat","background-position":"center center","background-size":"auto","background-attachment":"scroll","background-type":"","background-media":"","overlay-type":"","overlay-color":"","overlay-opacity":"","overlay-gradient":""},"mobile":{"background-color":"var(--ast-global-color-5)","background-image":"","background-repeat":"repeat","background-position":"center center","background-size":"auto","background-attachment":"scroll","background-type":"","background-media":"","overlay-type":"","overlay-color":"","overlay-opacity":"","overlay-gradient":""}},"footnotes":""},"categories":[64],"tags":[],"class_list":["post-9437","post","type-post","status-publish","format-standard","hentry","category-educacioinfantil"],"post_mailing_queue_ids":[],"_links":{"self":[{"href":"https:\/\/agora.xtec.cat\/escgaspardeportola\/wp-json\/wp\/v2\/posts\/9437","targetHints":{"allow":["GET"]}}],"collection":[{"href":"https:\/\/agora.xtec.cat\/escgaspardeportola\/wp-json\/wp\/v2\/posts"}],"about":[{"href":"https:\/\/agora.xtec.cat\/escgaspardeportola\/wp-json\/wp\/v2\/types\/post"}],"author":[{"embeddable":true,"href":"https:\/\/agora.xtec.cat\/escgaspardeportola\/wp-json\/wp\/v2\/users\/8"}],"replies":[{"embeddable":true,"href":"https:\/\/agora.xtec.cat\/escgaspardeportola\/wp-json\/wp\/v2\/comments?post=9437"}],"version-history":[{"count":1,"href":"https:\/\/agora.xtec.cat\/escgaspardeportola\/wp-json\/wp\/v2\/posts\/9437\/revisions"}],"predecessor-version":[{"id":9438,"href":"https:\/\/agora.xtec.cat\/escgaspardeportola\/wp-json\/wp\/v2\/posts\/9437\/revisions\/9438"}],"wp:attachment":[{"href":"https:\/\/agora.xtec.cat\/escgaspardeportola\/wp-json\/wp\/v2\/media?parent=9437"}],"wp:term":[{"taxonomy":"category","embeddable":true,"href":"https:\/\/agora.xtec.cat\/escgaspardeportola\/wp-json\/wp\/v2\/categories?post=9437"},{"taxonomy":"post_tag","embeddable":true,"href":"https:\/\/agora.xtec.cat\/escgaspardeportola\/wp-json\/wp\/v2\/tags?post=9437"}],"curies":[{"name":"wp","href":"https:\/\/api.w.org\/{rel}","templated":true}]}}