{"id":9381,"date":"2024-04-23T10:42:42","date_gmt":"2024-04-23T08:42:42","guid":{"rendered":"https:\/\/agora.xtec.cat\/escgaspardeportola\/?p=9381"},"modified":"2024-04-23T10:42:42","modified_gmt":"2024-04-23T08:42:42","slug":"gaspart-report-aigua-i","status":"publish","type":"post","link":"https:\/\/agora.xtec.cat\/escgaspardeportola\/portada\/gaspart-report-aigua-i\/","title":{"rendered":"Gaspart Report: Aigua i &#8230;"},"content":{"rendered":"<p>Celebrem la diada de Sant Jordi i a la nostra escola ens fa molta il\u00b7lusi\u00f3 presentar-vos la revista <span class=\"hiddenSpellError\">Gaspart<\/span> Report que l&#8217;alumnat de cicle superior ha preparat amb molta cura i dedicaci\u00f3.<\/p>\n<p>Aquest curs va dedicada al tema de l&#8217;aigua. No us perdeu la reflexi\u00f3 de l&#8217;editorial &#8220;L&#8217;aigua una prioritat compartida&#8221; amb una fotografia actual que cal que ens faci raonar a tots plegats.<\/p>\n<p>La revista es compon de diversos articles, entrevistes, concursos, curiositats, recomanacions i passatemps ideal per a compartir amb tota la fam\u00edlia.<\/p>\n<p>Volem felicitar a tot l&#8217;equip de cicle superior i al guanyador de la portada per part de tota la comunitat educativa.<\/p>\n<p>Bona diada!<\/p>\n<p><a href=\"https:\/\/drive.google.com\/file\/d\/1epQ2gE0vNNMkMvoUMFuS4KiV9hlRFRN9\/view?usp=sharing\"><img loading=\"lazy\" decoding=\"async\" class=\"alignleft  wp-image-9382\" src=\"https:\/\/agora.xtec.cat\/escgaspardeportola\/wp-content\/uploads\/usu555\/2024\/04\/portada.jpg\" alt=\"\" width=\"541\" height=\"721\" srcset=\"https:\/\/agora.xtec.cat\/escgaspardeportola\/wp-content\/uploads\/usu555\/2024\/04\/portada.jpg 720w, https:\/\/agora.xtec.cat\/escgaspardeportola\/wp-content\/uploads\/usu555\/2024\/04\/portada-225x300.jpg 225w\" sizes=\"auto, (max-width: 541px) 100vw, 541px\" \/><\/a><\/p>\n","protected":false},"excerpt":{"rendered":"<p>Celebrem la diada de Sant Jordi i a la nostra escola ens fa molta il\u00b7lusi\u00f3 presentar-vos la revista Gaspart Report que l&#8217;alumnat de cicle superior ha preparat amb molta cura i dedicaci\u00f3. Aquest curs va dedicada al tema de l&#8217;aigua. No us perdeu la reflexi\u00f3 de l&#8217;editorial &#8220;L&#8217;aigua una prioritat compartida&#8221; amb una fotografia actual [&hellip;]<\/p>\n","protected":false},"author":1,"featured_media":0,"comment_status":"closed","ping_status":"closed","sticky":false,"template":"","format":"standard","meta":{"_bbp_topic_count":0,"_bbp_reply_count":0,"_bbp_total_topic_count":0,"_bbp_total_reply_count":0,"_bbp_voice_count":0,"_bbp_anonymous_reply_count":0,"_bbp_topic_count_hidden":0,"_bbp_reply_count_hidden":0,"_bbp_forum_subforum_count":0,"site-sidebar-layout":"default","site-content-layout":"","ast-site-content-layout":"","site-content-style":"default","site-sidebar-style":"default","ast-global-header-display":"","ast-banner-title-visibility":"","ast-main-header-display":"","ast-hfb-above-header-display":"","ast-hfb-below-header-display":"","ast-hfb-mobile-header-display":"","site-post-title":"","ast-breadcrumbs-content":"","ast-featured-img":"","footer-sml-layout":"","theme-transparent-header-meta":"","adv-header-id-meta":"","stick-header-meta":"","header-above-stick-meta":"","header-main-stick-meta":"","header-below-stick-meta":"","astra-migrate-meta-layouts":"default","ast-page-background-enabled":"default","ast-page-background-meta":{"desktop":{"background-color":"var(--ast-global-color-4)","background-image":"","background-repeat":"repeat","background-position":"center center","background-size":"auto","background-attachment":"scroll","background-type":"","background-media":"","overlay-type":"","overlay-color":"","overlay-opacity":"","overlay-gradient":""},"tablet":{"background-color":"","background-image":"","background-repeat":"repeat","background-position":"center center","background-size":"auto","background-attachment":"scroll","background-type":"","background-media":"","overlay-type":"","overlay-color":"","overlay-opacity":"","overlay-gradient":""},"mobile":{"background-color":"","background-image":"","background-repeat":"repeat","background-position":"center center","background-size":"auto","background-attachment":"scroll","background-type":"","background-media":"","overlay-type":"","overlay-color":"","overlay-opacity":"","overlay-gradient":""}},"ast-content-background-meta":{"desktop":{"background-color":"var(--ast-global-color-5)","background-image":"","background-repeat":"repeat","background-position":"center center","background-size":"auto","background-attachment":"scroll","background-type":"","background-media":"","overlay-type":"","overlay-color":"","overlay-opacity":"","overlay-gradient":""},"tablet":{"background-color":"var(--ast-global-color-5)","background-image":"","background-repeat":"repeat","background-position":"center center","background-size":"auto","background-attachment":"scroll","background-type":"","background-media":"","overlay-type":"","overlay-color":"","overlay-opacity":"","overlay-gradient":""},"mobile":{"background-color":"var(--ast-global-color-5)","background-image":"","background-repeat":"repeat","background-position":"center center","background-size":"auto","background-attachment":"scroll","background-type":"","background-media":"","overlay-type":"","overlay-color":"","overlay-opacity":"","overlay-gradient":""}},"footnotes":""},"categories":[290,4],"tags":[],"class_list":["post-9381","post","type-post","status-publish","format-standard","hentry","category-cicle-superior","category-portada"],"post_mailing_queue_ids":[],"_links":{"self":[{"href":"https:\/\/agora.xtec.cat\/escgaspardeportola\/wp-json\/wp\/v2\/posts\/9381","targetHints":{"allow":["GET"]}}],"collection":[{"href":"https:\/\/agora.xtec.cat\/escgaspardeportola\/wp-json\/wp\/v2\/posts"}],"about":[{"href":"https:\/\/agora.xtec.cat\/escgaspardeportola\/wp-json\/wp\/v2\/types\/post"}],"author":[{"embeddable":true,"href":"https:\/\/agora.xtec.cat\/escgaspardeportola\/wp-json\/wp\/v2\/users\/1"}],"replies":[{"embeddable":true,"href":"https:\/\/agora.xtec.cat\/escgaspardeportola\/wp-json\/wp\/v2\/comments?post=9381"}],"version-history":[{"count":1,"href":"https:\/\/agora.xtec.cat\/escgaspardeportola\/wp-json\/wp\/v2\/posts\/9381\/revisions"}],"predecessor-version":[{"id":9383,"href":"https:\/\/agora.xtec.cat\/escgaspardeportola\/wp-json\/wp\/v2\/posts\/9381\/revisions\/9383"}],"wp:attachment":[{"href":"https:\/\/agora.xtec.cat\/escgaspardeportola\/wp-json\/wp\/v2\/media?parent=9381"}],"wp:term":[{"taxonomy":"category","embeddable":true,"href":"https:\/\/agora.xtec.cat\/escgaspardeportola\/wp-json\/wp\/v2\/categories?post=9381"},{"taxonomy":"post_tag","embeddable":true,"href":"https:\/\/agora.xtec.cat\/escgaspardeportola\/wp-json\/wp\/v2\/tags?post=9381"}],"curies":[{"name":"wp","href":"https:\/\/api.w.org\/{rel}","templated":true}]}}