{"id":9317,"date":"2024-04-05T18:11:02","date_gmt":"2024-04-05T16:11:02","guid":{"rendered":"https:\/\/agora.xtec.cat\/escgaspardeportola\/?p=9317"},"modified":"2024-04-05T18:11:02","modified_gmt":"2024-04-05T16:11:02","slug":"dia-mundial-de-lactivitat-fisica-3","status":"publish","type":"post","link":"https:\/\/agora.xtec.cat\/escgaspardeportola\/general\/dia-mundial-de-lactivitat-fisica-3\/","title":{"rendered":"Dia mundial de l&#8217;activitat f\u00edsica"},"content":{"rendered":"<p>Avui divendres 5 d&#8217;abril hem celebrat el dia mundial de l&#8217;activitat f\u00edsica, on el lema d&#8217;enguany \u00e9s &#8220;Mou-te i viu feli\u00e7&#8221;.<\/p>\n<p>El DMAF es celebra el 6 d&#8217;abril amb l&#8217;objectiu de promoure l&#8217;activitat f\u00edsica i reduir el sedentarisme com a elements fonamentals de salut i benestar.<\/p>\n<p>El Dia Mundial de l\u2019Activitat F\u00edsica \u00e9s una de les eines amb qu\u00e8 cada any es fa realitat el comprom\u00eds per promoure h\u00e0bits de vida activa per a tota la poblaci\u00f3, tot seguint les recomanacions de l\u2019<a href=\"https:\/\/www.who.int\/news-room\/fact-sheets\/detail\/physical-activity\">Organitzaci\u00f3 Mundial de la Salut<\/a> (OMS). El DMAF \u00e9s una iniciativa conjunta entre la Secretaria General d\u2019Esport i Activitat F\u00edsica (SGEAF) i l\u2019Ag\u00e8ncia de Salut P\u00fablica de Catalunya (ASPCAT).<\/p>\n<p>Des de l&#8217;escola cada any ho celebrem, l&#8217;activitat f\u00edsica \u00e9s i ha de ser, una part molt important de la vida dels nostres infants.<\/p>\n<p>Aquesta tarda, els m\u00e9s valents d&#8217;I3 acompanyats dels m\u00e9s grans de 6\u00e8 i d&#8217;aquesta manera alternant el m\u00e9s gran amb el m\u00e9s petit, hem pogut gaudir d&#8217;una tarda d&#8217;esport i amistat.<\/p>\n<p><a href=\"https:\/\/drive.google.com\/drive\/folders\/1pbrxBwgfdsXAeCZibLLVvCn1yOdpLHxE?usp=sharing\"><img loading=\"lazy\" decoding=\"async\" class=\"alignleft size-full wp-image-9318\" src=\"https:\/\/agora.xtec.cat\/escgaspardeportola\/wp-content\/uploads\/usu555\/2024\/04\/IMG_3334.jpg\" alt=\"\" width=\"567\" height=\"426\" srcset=\"https:\/\/agora.xtec.cat\/escgaspardeportola\/wp-content\/uploads\/usu555\/2024\/04\/IMG_3334.jpg 567w, https:\/\/agora.xtec.cat\/escgaspardeportola\/wp-content\/uploads\/usu555\/2024\/04\/IMG_3334-300x225.jpg 300w, https:\/\/agora.xtec.cat\/escgaspardeportola\/wp-content\/uploads\/usu555\/2024\/04\/IMG_3334-200x150.jpg 200w\" sizes=\"auto, (max-width: 567px) 100vw, 567px\" \/><\/a><\/p>\n","protected":false},"excerpt":{"rendered":"<p>Avui divendres 5 d&#8217;abril hem celebrat el dia mundial de l&#8217;activitat f\u00edsica, on el lema d&#8217;enguany \u00e9s &#8220;Mou-te i viu feli\u00e7&#8221;. El DMAF es celebra el 6 d&#8217;abril amb l&#8217;objectiu de promoure l&#8217;activitat f\u00edsica i reduir el sedentarisme com a elements fonamentals de salut i benestar. El Dia Mundial de l\u2019Activitat F\u00edsica \u00e9s una de [&hellip;]<\/p>\n","protected":false},"author":1,"featured_media":0,"comment_status":"closed","ping_status":"closed","sticky":false,"template":"","format":"standard","meta":{"_bbp_topic_count":0,"_bbp_reply_count":0,"_bbp_total_topic_count":0,"_bbp_total_reply_count":0,"_bbp_voice_count":0,"_bbp_anonymous_reply_count":0,"_bbp_topic_count_hidden":0,"_bbp_reply_count_hidden":0,"_bbp_forum_subforum_count":0,"site-sidebar-layout":"default","site-content-layout":"","ast-site-content-layout":"","site-content-style":"default","site-sidebar-style":"default","ast-global-header-display":"","ast-banner-title-visibility":"","ast-main-header-display":"","ast-hfb-above-header-display":"","ast-hfb-below-header-display":"","ast-hfb-mobile-header-display":"","site-post-title":"","ast-breadcrumbs-content":"","ast-featured-img":"","footer-sml-layout":"","theme-transparent-header-meta":"","adv-header-id-meta":"","stick-header-meta":"","header-above-stick-meta":"","header-main-stick-meta":"","header-below-stick-meta":"","astra-migrate-meta-layouts":"default","ast-page-background-enabled":"default","ast-page-background-meta":{"desktop":{"background-color":"var(--ast-global-color-4)","background-image":"","background-repeat":"repeat","background-position":"center center","background-size":"auto","background-attachment":"scroll","background-type":"","background-media":"","overlay-type":"","overlay-color":"","overlay-opacity":"","overlay-gradient":""},"tablet":{"background-color":"","background-image":"","background-repeat":"repeat","background-position":"center center","background-size":"auto","background-attachment":"scroll","background-type":"","background-media":"","overlay-type":"","overlay-color":"","overlay-opacity":"","overlay-gradient":""},"mobile":{"background-color":"","background-image":"","background-repeat":"repeat","background-position":"center center","background-size":"auto","background-attachment":"scroll","background-type":"","background-media":"","overlay-type":"","overlay-color":"","overlay-opacity":"","overlay-gradient":""}},"ast-content-background-meta":{"desktop":{"background-color":"var(--ast-global-color-5)","background-image":"","background-repeat":"repeat","background-position":"center center","background-size":"auto","background-attachment":"scroll","background-type":"","background-media":"","overlay-type":"","overlay-color":"","overlay-opacity":"","overlay-gradient":""},"tablet":{"background-color":"var(--ast-global-color-5)","background-image":"","background-repeat":"repeat","background-position":"center center","background-size":"auto","background-attachment":"scroll","background-type":"","background-media":"","overlay-type":"","overlay-color":"","overlay-opacity":"","overlay-gradient":""},"mobile":{"background-color":"var(--ast-global-color-5)","background-image":"","background-repeat":"repeat","background-position":"center center","background-size":"auto","background-attachment":"scroll","background-type":"","background-media":"","overlay-type":"","overlay-color":"","overlay-opacity":"","overlay-gradient":""}},"footnotes":""},"categories":[1,4],"tags":[],"class_list":["post-9317","post","type-post","status-publish","format-standard","hentry","category-general","category-portada"],"post_mailing_queue_ids":[],"_links":{"self":[{"href":"https:\/\/agora.xtec.cat\/escgaspardeportola\/wp-json\/wp\/v2\/posts\/9317","targetHints":{"allow":["GET"]}}],"collection":[{"href":"https:\/\/agora.xtec.cat\/escgaspardeportola\/wp-json\/wp\/v2\/posts"}],"about":[{"href":"https:\/\/agora.xtec.cat\/escgaspardeportola\/wp-json\/wp\/v2\/types\/post"}],"author":[{"embeddable":true,"href":"https:\/\/agora.xtec.cat\/escgaspardeportola\/wp-json\/wp\/v2\/users\/1"}],"replies":[{"embeddable":true,"href":"https:\/\/agora.xtec.cat\/escgaspardeportola\/wp-json\/wp\/v2\/comments?post=9317"}],"version-history":[{"count":1,"href":"https:\/\/agora.xtec.cat\/escgaspardeportola\/wp-json\/wp\/v2\/posts\/9317\/revisions"}],"predecessor-version":[{"id":9319,"href":"https:\/\/agora.xtec.cat\/escgaspardeportola\/wp-json\/wp\/v2\/posts\/9317\/revisions\/9319"}],"wp:attachment":[{"href":"https:\/\/agora.xtec.cat\/escgaspardeportola\/wp-json\/wp\/v2\/media?parent=9317"}],"wp:term":[{"taxonomy":"category","embeddable":true,"href":"https:\/\/agora.xtec.cat\/escgaspardeportola\/wp-json\/wp\/v2\/categories?post=9317"},{"taxonomy":"post_tag","embeddable":true,"href":"https:\/\/agora.xtec.cat\/escgaspardeportola\/wp-json\/wp\/v2\/tags?post=9317"}],"curies":[{"name":"wp","href":"https:\/\/api.w.org\/{rel}","templated":true}]}}