{"id":9244,"date":"2024-03-20T15:25:54","date_gmt":"2024-03-20T14:25:54","guid":{"rendered":"https:\/\/agora.xtec.cat\/escgaspardeportola\/?p=9244"},"modified":"2024-03-20T15:25:54","modified_gmt":"2024-03-20T14:25:54","slug":"lavi-que-estima-el-mar","status":"publish","type":"post","link":"https:\/\/agora.xtec.cat\/escgaspardeportola\/portada\/lavi-que-estima-el-mar\/","title":{"rendered":"L&#8217;avi que estima el mar."},"content":{"rendered":"<p>No volem marxar de vacances sense publicar la performance que els nens i nenes de cicle inicial van dur a terme amb tota la il\u00b7lusi\u00f3 del m\u00f3n.<\/p>\n<p>L&#8217;avi que estima el mar, ha estat el producte d&#8217;aquest curs de cicle inicial, dins el programa <span class=\"hiddenSpellError\">GaspArt<\/span>\u00a0<span class=\"hiddenSpellError\">School<\/span>.<\/p>\n<p>Els infants a trav\u00e9s del treball des de l&#8217;\u00e0rea de medi han treballat el cicle de l&#8217;aigua, l&#8217;oce\u00e0 i el fons mar\u00ed, la costa i les llegendes i hist\u00f2ries del mar. Aquest treball s&#8217;ha introdu\u00eft a trav\u00e9s de l&#8217;exposici\u00f3 &#8220;Qui embruta el mar&#8221;. A trav\u00e9s de la preocupaci\u00f3 de l&#8217;avi, els seus nets Pep i la Mar han anat proposant diverses solucions per poder tirar endavant.<\/p>\n<p>A l&#8217;\u00e0rea d&#8217;Educaci\u00f3 F\u00edsica s&#8217;ha treballat a trav\u00e9s de la m\u00fasica i el moviment la hist\u00f2ria dels tres protagonistes i finalment el passat dijous 7 de mar\u00e7 ho vam poder ensenyar al teatre municipal de Balaguer a tots els companys i companyes de l&#8217;escola i a les seves fam\u00edlies.<\/p>\n<p>Quatre actes amb 26 alumnes damunt de l&#8217;escenari a cada part, en que representaven diversos personatges i situacions, la posada en escena, l&#8217;ocupaci\u00f3 de l&#8217;espai, el fet de seguir el ritme a cada moment no era f\u00e0cil, per\u00f2 els petits artistes ho van fer d&#8217;all\u00f2 m\u00e9s b\u00e9. Vam gaudir d&#8217;aquest fi de projecte d&#8217;all\u00f2 m\u00e9s.<\/p>\n<p>Gr\u00e0cies a tots per ser-hi!<\/p>\n<div class=\"ast-oembed-container \" style=\"height: 100%;\"><iframe loading=\"lazy\" title=\"L&#039;AVI QUE ESTIMA EL MAR CI\" width=\"500\" height=\"281\" src=\"https:\/\/www.youtube.com\/embed\/D2b67Upj7i8?feature=oembed\" frameborder=\"0\" allow=\"accelerometer; autoplay; clipboard-write; encrypted-media; gyroscope; picture-in-picture; web-share\" referrerpolicy=\"strict-origin-when-cross-origin\" allowfullscreen><\/iframe><\/div>\n","protected":false},"excerpt":{"rendered":"<p>No volem marxar de vacances sense publicar la performance que els nens i nenes de cicle inicial van dur a terme amb tota la il\u00b7lusi\u00f3 del m\u00f3n. L&#8217;avi que estima el mar, ha estat el producte d&#8217;aquest curs de cicle inicial, dins el programa GaspArt\u00a0School. Els infants a trav\u00e9s del treball des de l&#8217;\u00e0rea de [&hellip;]<\/p>\n","protected":false},"author":1,"featured_media":9245,"comment_status":"closed","ping_status":"closed","sticky":false,"template":"","format":"standard","meta":{"_bbp_topic_count":0,"_bbp_reply_count":0,"_bbp_total_topic_count":0,"_bbp_total_reply_count":0,"_bbp_voice_count":0,"_bbp_anonymous_reply_count":0,"_bbp_topic_count_hidden":0,"_bbp_reply_count_hidden":0,"_bbp_forum_subforum_count":0,"site-sidebar-layout":"default","site-content-layout":"","ast-site-content-layout":"","site-content-style":"default","site-sidebar-style":"default","ast-global-header-display":"","ast-banner-title-visibility":"","ast-main-header-display":"","ast-hfb-above-header-display":"","ast-hfb-below-header-display":"","ast-hfb-mobile-header-display":"","site-post-title":"","ast-breadcrumbs-content":"","ast-featured-img":"","footer-sml-layout":"","theme-transparent-header-meta":"","adv-header-id-meta":"","stick-header-meta":"","header-above-stick-meta":"","header-main-stick-meta":"","header-below-stick-meta":"","astra-migrate-meta-layouts":"default","ast-page-background-enabled":"default","ast-page-background-meta":{"desktop":{"background-color":"var(--ast-global-color-4)","background-image":"","background-repeat":"repeat","background-position":"center center","background-size":"auto","background-attachment":"scroll","background-type":"","background-media":"","overlay-type":"","overlay-color":"","overlay-opacity":"","overlay-gradient":""},"tablet":{"background-color":"","background-image":"","background-repeat":"repeat","background-position":"center center","background-size":"auto","background-attachment":"scroll","background-type":"","background-media":"","overlay-type":"","overlay-color":"","overlay-opacity":"","overlay-gradient":""},"mobile":{"background-color":"","background-image":"","background-repeat":"repeat","background-position":"center center","background-size":"auto","background-attachment":"scroll","background-type":"","background-media":"","overlay-type":"","overlay-color":"","overlay-opacity":"","overlay-gradient":""}},"ast-content-background-meta":{"desktop":{"background-color":"var(--ast-global-color-5)","background-image":"","background-repeat":"repeat","background-position":"center center","background-size":"auto","background-attachment":"scroll","background-type":"","background-media":"","overlay-type":"","overlay-color":"","overlay-opacity":"","overlay-gradient":""},"tablet":{"background-color":"var(--ast-global-color-5)","background-image":"","background-repeat":"repeat","background-position":"center center","background-size":"auto","background-attachment":"scroll","background-type":"","background-media":"","overlay-type":"","overlay-color":"","overlay-opacity":"","overlay-gradient":""},"mobile":{"background-color":"var(--ast-global-color-5)","background-image":"","background-repeat":"repeat","background-position":"center center","background-size":"auto","background-attachment":"scroll","background-type":"","background-media":"","overlay-type":"","overlay-color":"","overlay-opacity":"","overlay-gradient":""}},"footnotes":""},"categories":[63,321,4],"tags":[],"class_list":["post-9244","post","type-post","status-publish","format-standard","has-post-thumbnail","hentry","category-cicleinicial","category-gaspartschool","category-portada"],"post_mailing_queue_ids":[],"_links":{"self":[{"href":"https:\/\/agora.xtec.cat\/escgaspardeportola\/wp-json\/wp\/v2\/posts\/9244","targetHints":{"allow":["GET"]}}],"collection":[{"href":"https:\/\/agora.xtec.cat\/escgaspardeportola\/wp-json\/wp\/v2\/posts"}],"about":[{"href":"https:\/\/agora.xtec.cat\/escgaspardeportola\/wp-json\/wp\/v2\/types\/post"}],"author":[{"embeddable":true,"href":"https:\/\/agora.xtec.cat\/escgaspardeportola\/wp-json\/wp\/v2\/users\/1"}],"replies":[{"embeddable":true,"href":"https:\/\/agora.xtec.cat\/escgaspardeportola\/wp-json\/wp\/v2\/comments?post=9244"}],"version-history":[{"count":1,"href":"https:\/\/agora.xtec.cat\/escgaspardeportola\/wp-json\/wp\/v2\/posts\/9244\/revisions"}],"predecessor-version":[{"id":9246,"href":"https:\/\/agora.xtec.cat\/escgaspardeportola\/wp-json\/wp\/v2\/posts\/9244\/revisions\/9246"}],"wp:featuredmedia":[{"embeddable":true,"href":"https:\/\/agora.xtec.cat\/escgaspardeportola\/wp-json\/wp\/v2\/media\/9245"}],"wp:attachment":[{"href":"https:\/\/agora.xtec.cat\/escgaspardeportola\/wp-json\/wp\/v2\/media?parent=9244"}],"wp:term":[{"taxonomy":"category","embeddable":true,"href":"https:\/\/agora.xtec.cat\/escgaspardeportola\/wp-json\/wp\/v2\/categories?post=9244"},{"taxonomy":"post_tag","embeddable":true,"href":"https:\/\/agora.xtec.cat\/escgaspardeportola\/wp-json\/wp\/v2\/tags?post=9244"}],"curies":[{"name":"wp","href":"https:\/\/api.w.org\/{rel}","templated":true}]}}