{"id":9217,"date":"2024-03-06T20:31:46","date_gmt":"2024-03-06T19:31:46","guid":{"rendered":"https:\/\/agora.xtec.cat\/escgaspardeportola\/?p=9217"},"modified":"2024-03-09T11:12:41","modified_gmt":"2024-03-09T10:12:41","slug":"sortida-a-lleida-i3","status":"publish","type":"post","link":"https:\/\/agora.xtec.cat\/escgaspardeportola\/general\/sortida-a-lleida-i3\/","title":{"rendered":"Sortida a Lleida I3"},"content":{"rendered":"<p>Bona tarda fam\u00edlies,<\/p>\n<p>Us volem fer cinc c\u00e8ntims de la nostra super sortida d&#8217;avui, com ja sabeu, hem anat a veure el centre de fauna de Vallcalent, \u00e9s un hospital d&#8217;animals, els agents Rurals porten aqu\u00ed els animalets que troben malferits, i aqu\u00ed els visita el veterinari i fan tot el possible perqu\u00e8 l&#8217;animal pugui tornar al seu h\u00e0bitat. Al centre hem pogut veure diferents tipus d&#8217;aus, c\u00e9rvols, un eri\u00e7\u00f3 i tortugues d&#8217;aigua dol\u00e7a i de terra.<br \/>\nDespr\u00e9s hem anat al centre d&#8217;art &#8220;la Panera&#8221;, on hem gaudit de la proposta &#8220;Som com som, celebrem-ho&#8221; treballant que tots som diferents i hem fet unes banderoles per celebrar-ho, aquestes banderoles les penjarem al nostre hall, i ben segur que quedara ben bonic!<br \/>\nEn acabat hem anat a dinar al parc dels Camps Elisis,i despr\u00e9s  de dinar hem pogut jugar una estona.<\/p>\n<p>Ha estat un gran dia, us deixem un <a href=\"https:\/\/drive.google.com\/drive\/folders\/18i9YRq5LuiAwBdcaPH1-5Hh_jXSVZ8Ou\">recull de fotos<\/a> perqu\u00e8 pugueu veure com ens ho hem passat de b\u00e9, si voleu podeu compartir aquestes fotos amb els vostres fills i filles, segur que us expliquen m\u00e9s detalls de la sortida i an\u00e8cdotes ben divertides!<\/p>\n","protected":false},"excerpt":{"rendered":"<p>Bona tarda fam\u00edlies, Us volem fer cinc c\u00e8ntims de la nostra super sortida d&#8217;avui, com ja sabeu, hem anat a veure el centre de fauna de Vallcalent, \u00e9s un hospital d&#8217;animals, els agents Rurals porten aqu\u00ed els animalets que troben malferits, i aqu\u00ed els visita el veterinari i fan tot el possible perqu\u00e8 l&#8217;animal pugui [&hellip;]<\/p>\n","protected":false},"author":37,"featured_media":0,"comment_status":"closed","ping_status":"closed","sticky":false,"template":"","format":"standard","meta":{"_bbp_topic_count":0,"_bbp_reply_count":0,"_bbp_total_topic_count":0,"_bbp_total_reply_count":0,"_bbp_voice_count":0,"_bbp_anonymous_reply_count":0,"_bbp_topic_count_hidden":0,"_bbp_reply_count_hidden":0,"_bbp_forum_subforum_count":0,"site-sidebar-layout":"default","site-content-layout":"","ast-site-content-layout":"","site-content-style":"default","site-sidebar-style":"default","ast-global-header-display":"","ast-banner-title-visibility":"","ast-main-header-display":"","ast-hfb-above-header-display":"","ast-hfb-below-header-display":"","ast-hfb-mobile-header-display":"","site-post-title":"","ast-breadcrumbs-content":"","ast-featured-img":"","footer-sml-layout":"","theme-transparent-header-meta":"","adv-header-id-meta":"","stick-header-meta":"","header-above-stick-meta":"","header-main-stick-meta":"","header-below-stick-meta":"","astra-migrate-meta-layouts":"default","ast-page-background-enabled":"default","ast-page-background-meta":{"desktop":{"background-color":"var(--ast-global-color-4)","background-image":"","background-repeat":"repeat","background-position":"center center","background-size":"auto","background-attachment":"scroll","background-type":"","background-media":"","overlay-type":"","overlay-color":"","overlay-opacity":"","overlay-gradient":""},"tablet":{"background-color":"","background-image":"","background-repeat":"repeat","background-position":"center center","background-size":"auto","background-attachment":"scroll","background-type":"","background-media":"","overlay-type":"","overlay-color":"","overlay-opacity":"","overlay-gradient":""},"mobile":{"background-color":"","background-image":"","background-repeat":"repeat","background-position":"center center","background-size":"auto","background-attachment":"scroll","background-type":"","background-media":"","overlay-type":"","overlay-color":"","overlay-opacity":"","overlay-gradient":""}},"ast-content-background-meta":{"desktop":{"background-color":"var(--ast-global-color-5)","background-image":"","background-repeat":"repeat","background-position":"center center","background-size":"auto","background-attachment":"scroll","background-type":"","background-media":"","overlay-type":"","overlay-color":"","overlay-opacity":"","overlay-gradient":""},"tablet":{"background-color":"var(--ast-global-color-5)","background-image":"","background-repeat":"repeat","background-position":"center center","background-size":"auto","background-attachment":"scroll","background-type":"","background-media":"","overlay-type":"","overlay-color":"","overlay-opacity":"","overlay-gradient":""},"mobile":{"background-color":"var(--ast-global-color-5)","background-image":"","background-repeat":"repeat","background-position":"center center","background-size":"auto","background-attachment":"scroll","background-type":"","background-media":"","overlay-type":"","overlay-color":"","overlay-opacity":"","overlay-gradient":""}},"footnotes":""},"categories":[64,1],"tags":[],"class_list":["post-9217","post","type-post","status-publish","format-standard","hentry","category-educacioinfantil","category-general"],"post_mailing_queue_ids":[],"_links":{"self":[{"href":"https:\/\/agora.xtec.cat\/escgaspardeportola\/wp-json\/wp\/v2\/posts\/9217","targetHints":{"allow":["GET"]}}],"collection":[{"href":"https:\/\/agora.xtec.cat\/escgaspardeportola\/wp-json\/wp\/v2\/posts"}],"about":[{"href":"https:\/\/agora.xtec.cat\/escgaspardeportola\/wp-json\/wp\/v2\/types\/post"}],"author":[{"embeddable":true,"href":"https:\/\/agora.xtec.cat\/escgaspardeportola\/wp-json\/wp\/v2\/users\/37"}],"replies":[{"embeddable":true,"href":"https:\/\/agora.xtec.cat\/escgaspardeportola\/wp-json\/wp\/v2\/comments?post=9217"}],"version-history":[{"count":4,"href":"https:\/\/agora.xtec.cat\/escgaspardeportola\/wp-json\/wp\/v2\/posts\/9217\/revisions"}],"predecessor-version":[{"id":9221,"href":"https:\/\/agora.xtec.cat\/escgaspardeportola\/wp-json\/wp\/v2\/posts\/9217\/revisions\/9221"}],"wp:attachment":[{"href":"https:\/\/agora.xtec.cat\/escgaspardeportola\/wp-json\/wp\/v2\/media?parent=9217"}],"wp:term":[{"taxonomy":"category","embeddable":true,"href":"https:\/\/agora.xtec.cat\/escgaspardeportola\/wp-json\/wp\/v2\/categories?post=9217"},{"taxonomy":"post_tag","embeddable":true,"href":"https:\/\/agora.xtec.cat\/escgaspardeportola\/wp-json\/wp\/v2\/tags?post=9217"}],"curies":[{"name":"wp","href":"https:\/\/api.w.org\/{rel}","templated":true}]}}