{"id":9204,"date":"2024-03-01T13:25:59","date_gmt":"2024-03-01T12:25:59","guid":{"rendered":"https:\/\/agora.xtec.cat\/escgaspardeportola\/?p=9204"},"modified":"2024-03-01T15:04:44","modified_gmt":"2024-03-01T14:04:44","slug":"ambients-2n-trimestre","status":"publish","type":"post","link":"https:\/\/agora.xtec.cat\/escgaspardeportola\/educacioinfantil\/ambients-2n-trimestre\/","title":{"rendered":"AMBIENTS 2N TRIMESTRE"},"content":{"rendered":"<p>Continuem amb els espais dels <strong><span style=\"color: #000080;\">ambients<\/span> <\/strong>,tot creant situacions d\u2019aprenentatge a trav\u00e9s del <strong><span style=\"color: #ff00ff;\">joc<\/span><\/strong>; on els vostres fills i filles s\u00f3n els protagonistes. S\u00f3n tardes molt profitoses on es barregen els alumnes d\u2019infantil, \u00a0on les interaccions i relacions entre ells\/es i les diferents mestres fan que encara sigui m\u00e9s funcional l\u2019aprenentatge.<\/p>\n<p>Aquest segon trimestre els ambients que potenciem s\u00f3n:\u00a0 <span style=\"color: #ff9900;\"><strong>construccions<\/strong> <\/span>a partir de vistes i monuments arquitect\u00f2nics, <strong><span style=\"color: #ff0000;\">fang<\/span><\/strong>,<span style=\"color: #800080;\"> <strong>past\u00eds d\u2019aniversari<\/strong><\/span>, <strong><span style=\"color: #ff00ff;\">Popova<\/span><\/strong>: art amb figures planes, <span style=\"color: #008000;\"><strong>h\u00e0bitats i amagatalls<\/strong><\/span>, <strong><span style=\"color: #0000ff;\">personatges i balls<\/span><\/strong>, <strong><span style=\"color: #008080;\">autoretrats<\/span> <\/strong>i <strong><span style=\"color: #003300;\">taula d\u2019experimentaci\u00f3<\/span><\/strong>.<\/p>\n<p>Us deixem un recull dels <a href=\"https:\/\/drive.google.com\/drive\/folders\/10-FxWEmKGCZKsP_zatwGG2DUWXzgok3g\">AMBIENTS<\/a>!<\/p>\n","protected":false},"excerpt":{"rendered":"<p>Continuem amb els espais dels ambients ,tot creant situacions d\u2019aprenentatge a trav\u00e9s del joc; on els vostres fills i filles s\u00f3n els protagonistes. S\u00f3n tardes molt profitoses on es barregen els alumnes d\u2019infantil, \u00a0on les interaccions i relacions entre ells\/es i les diferents mestres fan que encara sigui m\u00e9s funcional l\u2019aprenentatge. Aquest segon trimestre els [&hellip;]<\/p>\n","protected":false},"author":30,"featured_media":0,"comment_status":"closed","ping_status":"closed","sticky":false,"template":"","format":"standard","meta":{"_bbp_topic_count":0,"_bbp_reply_count":0,"_bbp_total_topic_count":0,"_bbp_total_reply_count":0,"_bbp_voice_count":0,"_bbp_anonymous_reply_count":0,"_bbp_topic_count_hidden":0,"_bbp_reply_count_hidden":0,"_bbp_forum_subforum_count":0,"site-sidebar-layout":"default","site-content-layout":"","ast-site-content-layout":"","site-content-style":"default","site-sidebar-style":"default","ast-global-header-display":"","ast-banner-title-visibility":"","ast-main-header-display":"","ast-hfb-above-header-display":"","ast-hfb-below-header-display":"","ast-hfb-mobile-header-display":"","site-post-title":"","ast-breadcrumbs-content":"","ast-featured-img":"","footer-sml-layout":"","theme-transparent-header-meta":"","adv-header-id-meta":"","stick-header-meta":"","header-above-stick-meta":"","header-main-stick-meta":"","header-below-stick-meta":"","astra-migrate-meta-layouts":"default","ast-page-background-enabled":"default","ast-page-background-meta":{"desktop":{"background-color":"var(--ast-global-color-4)","background-image":"","background-repeat":"repeat","background-position":"center center","background-size":"auto","background-attachment":"scroll","background-type":"","background-media":"","overlay-type":"","overlay-color":"","overlay-opacity":"","overlay-gradient":""},"tablet":{"background-color":"","background-image":"","background-repeat":"repeat","background-position":"center center","background-size":"auto","background-attachment":"scroll","background-type":"","background-media":"","overlay-type":"","overlay-color":"","overlay-opacity":"","overlay-gradient":""},"mobile":{"background-color":"","background-image":"","background-repeat":"repeat","background-position":"center center","background-size":"auto","background-attachment":"scroll","background-type":"","background-media":"","overlay-type":"","overlay-color":"","overlay-opacity":"","overlay-gradient":""}},"ast-content-background-meta":{"desktop":{"background-color":"var(--ast-global-color-5)","background-image":"","background-repeat":"repeat","background-position":"center center","background-size":"auto","background-attachment":"scroll","background-type":"","background-media":"","overlay-type":"","overlay-color":"","overlay-opacity":"","overlay-gradient":""},"tablet":{"background-color":"var(--ast-global-color-5)","background-image":"","background-repeat":"repeat","background-position":"center center","background-size":"auto","background-attachment":"scroll","background-type":"","background-media":"","overlay-type":"","overlay-color":"","overlay-opacity":"","overlay-gradient":""},"mobile":{"background-color":"var(--ast-global-color-5)","background-image":"","background-repeat":"repeat","background-position":"center center","background-size":"auto","background-attachment":"scroll","background-type":"","background-media":"","overlay-type":"","overlay-color":"","overlay-opacity":"","overlay-gradient":""}},"footnotes":""},"categories":[64],"tags":[],"class_list":["post-9204","post","type-post","status-publish","format-standard","hentry","category-educacioinfantil"],"post_mailing_queue_ids":[],"_links":{"self":[{"href":"https:\/\/agora.xtec.cat\/escgaspardeportola\/wp-json\/wp\/v2\/posts\/9204","targetHints":{"allow":["GET"]}}],"collection":[{"href":"https:\/\/agora.xtec.cat\/escgaspardeportola\/wp-json\/wp\/v2\/posts"}],"about":[{"href":"https:\/\/agora.xtec.cat\/escgaspardeportola\/wp-json\/wp\/v2\/types\/post"}],"author":[{"embeddable":true,"href":"https:\/\/agora.xtec.cat\/escgaspardeportola\/wp-json\/wp\/v2\/users\/30"}],"replies":[{"embeddable":true,"href":"https:\/\/agora.xtec.cat\/escgaspardeportola\/wp-json\/wp\/v2\/comments?post=9204"}],"version-history":[{"count":3,"href":"https:\/\/agora.xtec.cat\/escgaspardeportola\/wp-json\/wp\/v2\/posts\/9204\/revisions"}],"predecessor-version":[{"id":9207,"href":"https:\/\/agora.xtec.cat\/escgaspardeportola\/wp-json\/wp\/v2\/posts\/9204\/revisions\/9207"}],"wp:attachment":[{"href":"https:\/\/agora.xtec.cat\/escgaspardeportola\/wp-json\/wp\/v2\/media?parent=9204"}],"wp:term":[{"taxonomy":"category","embeddable":true,"href":"https:\/\/agora.xtec.cat\/escgaspardeportola\/wp-json\/wp\/v2\/categories?post=9204"},{"taxonomy":"post_tag","embeddable":true,"href":"https:\/\/agora.xtec.cat\/escgaspardeportola\/wp-json\/wp\/v2\/tags?post=9204"}],"curies":[{"name":"wp","href":"https:\/\/api.w.org\/{rel}","templated":true}]}}