{"id":9202,"date":"2024-03-01T12:42:11","date_gmt":"2024-03-01T11:42:11","guid":{"rendered":"https:\/\/agora.xtec.cat\/escgaspardeportola\/?p=9202"},"modified":"2024-03-01T12:42:11","modified_gmt":"2024-03-01T11:42:11","slug":"i4-sortida-a-agramunt","status":"publish","type":"post","link":"https:\/\/agora.xtec.cat\/escgaspardeportola\/educacioinfantil\/i4-sortida-a-agramunt\/","title":{"rendered":"I4 &#8211; SORTIDA A AGRAMUNT"},"content":{"rendered":"<p>Ahir els nens i nenes d\u2019I4 vam anar d\u2019excursi\u00f3 a <strong>Agramunt<\/strong>, on vam con\u00e8ixer l\u2019<strong>Espai Guinovart<\/strong> , les seves grans obres i vam fer d\u2019artistes, tot composant la nostra obra d\u2019art amb elements naturals com la palla, sorra, clasques d\u2019ous, branques&#8230;. tal com feia en Guinovart. Vam endinsar-nos en la <strong>Cabana<\/strong>, un espai m\u00e0gic simulant la casa del bosc on va viure moltes experi\u00e8ncies i on es reflecteixen tant al terra com a les parets les seves viv\u00e8ncies. El <strong>Mural<\/strong> de les quatre estacions i <strong>l\u2019Era<\/strong> tamb\u00e9 ens va captivar , en aquesta darrera obra vam observar al sostre diferents elements com creus, soques, llunes, cavalls&#8230;. En definitiva a trav\u00e9s de l\u2019art contemporani d\u2019en Guinovart vam passar una bona estona de descobriments , sent tota una gran experi\u00e8ncia.<\/p>\n<p>A Agramunt tamb\u00e9 vam visitar <strong>Torrons Vicens<\/strong>, el Museu del Torr\u00f3 i la Xocolata, on vam veure les m\u00e0quines, eines i com s\u2019elabora el Turr\u00f3, tot fent un tast de deliciosos <strong>torrons<\/strong>.<\/p>\n<p>I despr\u00e9s de dinar a l\u2019aire lliure, vam gaudir d\u2019una estona molt entretinguda de joc al <strong>parc<\/strong>.<\/p>\n<p><a href=\"https:\/\/drive.google.com\/drive\/folders\/112H7WIyHXLcmN9CTlGUFt89LhGMQUTbb\">FOTOS<\/a><\/p>\n","protected":false},"excerpt":{"rendered":"<p>Ahir els nens i nenes d\u2019I4 vam anar d\u2019excursi\u00f3 a Agramunt, on vam con\u00e8ixer l\u2019Espai Guinovart , les seves grans obres i vam fer d\u2019artistes, tot composant la nostra obra d\u2019art amb elements naturals com la palla, sorra, clasques d\u2019ous, branques&#8230;. tal com feia en Guinovart. Vam endinsar-nos en la Cabana, un espai m\u00e0gic simulant [&hellip;]<\/p>\n","protected":false},"author":30,"featured_media":0,"comment_status":"closed","ping_status":"closed","sticky":false,"template":"","format":"standard","meta":{"_bbp_topic_count":0,"_bbp_reply_count":0,"_bbp_total_topic_count":0,"_bbp_total_reply_count":0,"_bbp_voice_count":0,"_bbp_anonymous_reply_count":0,"_bbp_topic_count_hidden":0,"_bbp_reply_count_hidden":0,"_bbp_forum_subforum_count":0,"site-sidebar-layout":"default","site-content-layout":"","ast-site-content-layout":"","site-content-style":"default","site-sidebar-style":"default","ast-global-header-display":"","ast-banner-title-visibility":"","ast-main-header-display":"","ast-hfb-above-header-display":"","ast-hfb-below-header-display":"","ast-hfb-mobile-header-display":"","site-post-title":"","ast-breadcrumbs-content":"","ast-featured-img":"","footer-sml-layout":"","theme-transparent-header-meta":"","adv-header-id-meta":"","stick-header-meta":"","header-above-stick-meta":"","header-main-stick-meta":"","header-below-stick-meta":"","astra-migrate-meta-layouts":"default","ast-page-background-enabled":"default","ast-page-background-meta":{"desktop":{"background-color":"var(--ast-global-color-4)","background-image":"","background-repeat":"repeat","background-position":"center center","background-size":"auto","background-attachment":"scroll","background-type":"","background-media":"","overlay-type":"","overlay-color":"","overlay-opacity":"","overlay-gradient":""},"tablet":{"background-color":"","background-image":"","background-repeat":"repeat","background-position":"center center","background-size":"auto","background-attachment":"scroll","background-type":"","background-media":"","overlay-type":"","overlay-color":"","overlay-opacity":"","overlay-gradient":""},"mobile":{"background-color":"","background-image":"","background-repeat":"repeat","background-position":"center center","background-size":"auto","background-attachment":"scroll","background-type":"","background-media":"","overlay-type":"","overlay-color":"","overlay-opacity":"","overlay-gradient":""}},"ast-content-background-meta":{"desktop":{"background-color":"var(--ast-global-color-5)","background-image":"","background-repeat":"repeat","background-position":"center center","background-size":"auto","background-attachment":"scroll","background-type":"","background-media":"","overlay-type":"","overlay-color":"","overlay-opacity":"","overlay-gradient":""},"tablet":{"background-color":"var(--ast-global-color-5)","background-image":"","background-repeat":"repeat","background-position":"center center","background-size":"auto","background-attachment":"scroll","background-type":"","background-media":"","overlay-type":"","overlay-color":"","overlay-opacity":"","overlay-gradient":""},"mobile":{"background-color":"var(--ast-global-color-5)","background-image":"","background-repeat":"repeat","background-position":"center center","background-size":"auto","background-attachment":"scroll","background-type":"","background-media":"","overlay-type":"","overlay-color":"","overlay-opacity":"","overlay-gradient":""}},"footnotes":""},"categories":[64],"tags":[],"class_list":["post-9202","post","type-post","status-publish","format-standard","hentry","category-educacioinfantil"],"post_mailing_queue_ids":[],"_links":{"self":[{"href":"https:\/\/agora.xtec.cat\/escgaspardeportola\/wp-json\/wp\/v2\/posts\/9202","targetHints":{"allow":["GET"]}}],"collection":[{"href":"https:\/\/agora.xtec.cat\/escgaspardeportola\/wp-json\/wp\/v2\/posts"}],"about":[{"href":"https:\/\/agora.xtec.cat\/escgaspardeportola\/wp-json\/wp\/v2\/types\/post"}],"author":[{"embeddable":true,"href":"https:\/\/agora.xtec.cat\/escgaspardeportola\/wp-json\/wp\/v2\/users\/30"}],"replies":[{"embeddable":true,"href":"https:\/\/agora.xtec.cat\/escgaspardeportola\/wp-json\/wp\/v2\/comments?post=9202"}],"version-history":[{"count":1,"href":"https:\/\/agora.xtec.cat\/escgaspardeportola\/wp-json\/wp\/v2\/posts\/9202\/revisions"}],"predecessor-version":[{"id":9203,"href":"https:\/\/agora.xtec.cat\/escgaspardeportola\/wp-json\/wp\/v2\/posts\/9202\/revisions\/9203"}],"wp:attachment":[{"href":"https:\/\/agora.xtec.cat\/escgaspardeportola\/wp-json\/wp\/v2\/media?parent=9202"}],"wp:term":[{"taxonomy":"category","embeddable":true,"href":"https:\/\/agora.xtec.cat\/escgaspardeportola\/wp-json\/wp\/v2\/categories?post=9202"},{"taxonomy":"post_tag","embeddable":true,"href":"https:\/\/agora.xtec.cat\/escgaspardeportola\/wp-json\/wp\/v2\/tags?post=9202"}],"curies":[{"name":"wp","href":"https:\/\/api.w.org\/{rel}","templated":true}]}}