{"id":9172,"date":"2024-02-23T18:55:14","date_gmt":"2024-02-23T17:55:14","guid":{"rendered":"https:\/\/agora.xtec.cat\/escgaspardeportola\/?p=9172"},"modified":"2024-02-24T17:40:47","modified_gmt":"2024-02-24T16:40:47","slug":"4t-auditori-i-parc-de-la-mitjana","status":"publish","type":"post","link":"https:\/\/agora.xtec.cat\/escgaspardeportola\/ciclemitja\/4t-auditori-i-parc-de-la-mitjana\/","title":{"rendered":"4t: Auditori i Parc de la Mitjana"},"content":{"rendered":"<p>Avui els nens i nenes de quart han passat el dia a la ciutat de Lleida.<\/p>\n<p><img loading=\"lazy\" decoding=\"async\" class=\"wp-image-9174 alignleft\" src=\"https:\/\/agora.xtec.cat\/escgaspardeportola\/wp-content\/uploads\/usu555\/2024\/02\/IMG_20240223_114207-1024x768.jpg\" alt=\"\" width=\"393\" height=\"295\" srcset=\"https:\/\/agora.xtec.cat\/escgaspardeportola\/wp-content\/uploads\/usu555\/2024\/02\/IMG_20240223_114207-1024x768.jpg 1024w, https:\/\/agora.xtec.cat\/escgaspardeportola\/wp-content\/uploads\/usu555\/2024\/02\/IMG_20240223_114207-300x225.jpg 300w, https:\/\/agora.xtec.cat\/escgaspardeportola\/wp-content\/uploads\/usu555\/2024\/02\/IMG_20240223_114207-768x576.jpg 768w, https:\/\/agora.xtec.cat\/escgaspardeportola\/wp-content\/uploads\/usu555\/2024\/02\/IMG_20240223_114207-1536x1152.jpg 1536w, https:\/\/agora.xtec.cat\/escgaspardeportola\/wp-content\/uploads\/usu555\/2024\/02\/IMG_20240223_114207-2048x1536.jpg 2048w, https:\/\/agora.xtec.cat\/escgaspardeportola\/wp-content\/uploads\/usu555\/2024\/02\/IMG_20240223_114207-200x150.jpg 200w\" sizes=\"auto, (max-width: 393px) 100vw, 393px\" \/><\/p>\n<p><span style=\"font-family: inherit; font-size: 1em;\">P<\/span><span style=\"font-family: inherit; font-size: 1em;\">rimerament, han anat a l&#8217;auditori Enric Granados, on han pogut gaudir d&#8217;una audici\u00f3 ben divertida. &#8220;Les aventures de la Bol i en Ling&#8221;, t\u00edtol de l&#8217;audici\u00f3, ha tractat sobre dos ocells molt diferents que viuen en un mateix niu. Aix\u00ed doncs, a partir del jazz i la m\u00fasica cl\u00e0ssica, s&#8217;hi han interpretat un conjunt d&#8217;aventures on els protagonistes no han tingut m\u00e9s remei que conv<\/span><span style=\"font-family: inherit; font-size: 1em;\">iure i adaptar-se a tot el que passava al seu voltant per tal de trobar l\u2019equilibri i arribar a entendre\u2019s i complementar-se. Un clar exemple que l&#8217;alumnat es pot<\/span><span style=\"font-family: inherit; font-size: 1em;\"> trobar en el seu dia a dia!<\/span><\/p>\n<p><span style=\"font-family: inherit; font-size: 1em;\">Seguidament, despr\u00e9s d&#8217;una caminada, han esmorzat al Parc de la Mitjana i han portat a terme una activitat relacionada amb la descoberta d&#8217;aquest entorn natural que tenim tan a prop. Aix\u00ed doncs, mentre els nens i nenes utilitzaven els cinc sentits, han pogut veure alguns animals que hi viuen, han apr\u00e8s a saber-los identificar segons el rastre que hi deixen, han descobert quina flora hi creix i, fins i tot, han pogut fer servir els prism\u00e0tics. La veritat \u00e9s que s&#8217;hi han deixat la pell per poder escoltar, observar i veure tota mena de vegetaci\u00f3 i fauna.<\/span><\/p>\n<p><img loading=\"lazy\" decoding=\"async\" class=\"wp-image-9175 alignright\" src=\"https:\/\/agora.xtec.cat\/escgaspardeportola\/wp-content\/uploads\/usu555\/2024\/02\/IMG_2047-1024x768.jpg\" alt=\"\" width=\"404\" height=\"303\" srcset=\"https:\/\/agora.xtec.cat\/escgaspardeportola\/wp-content\/uploads\/usu555\/2024\/02\/IMG_2047-1024x768.jpg 1024w, https:\/\/agora.xtec.cat\/escgaspardeportola\/wp-content\/uploads\/usu555\/2024\/02\/IMG_2047-300x225.jpg 300w, https:\/\/agora.xtec.cat\/escgaspardeportola\/wp-content\/uploads\/usu555\/2024\/02\/IMG_2047-768x576.jpg 768w, https:\/\/agora.xtec.cat\/escgaspardeportola\/wp-content\/uploads\/usu555\/2024\/02\/IMG_2047-1536x1152.jpg 1536w, https:\/\/agora.xtec.cat\/escgaspardeportola\/wp-content\/uploads\/usu555\/2024\/02\/IMG_2047-2048x1536.jpg 2048w, https:\/\/agora.xtec.cat\/escgaspardeportola\/wp-content\/uploads\/usu555\/2024\/02\/IMG_2047-200x150.jpg 200w\" sizes=\"auto, (max-width: 404px) 100vw, 404px\" \/><\/p>\n<p>Despr\u00e9s, han parat per dinar i descansar i han tingut temps de jugar al parc infantil (gronxadors, tirolina, tobogans, casetes&#8230;) fins que ha sigut l&#8217;hora de la darrera activitat<span style=\"font-family: inherit; font-size: 1em;\">. Aquesta ha consistit a dur a terme diferents jocs on havien de posar en pr\u00e0ctica alguns conceptes treballats al mat\u00ed d&#8217;una manera m\u00e9s l\u00fadica. Aix\u00ed doncs, han jugat a bitlles per treballar qu\u00e8 s&#8217;hi pot fer en un parc natural i qu\u00e8 est\u00e0 prohibit; al m\u00e8mori per interioritzar els diferents arbres que trobem al parc a partir de les seves fulles i fruits; al mocador, per repassar la classificaci\u00f3 dels animals vertebrats i quins s&#8217;hi troben a la Mitjana; i, finalment, han jugat a trobar rastres per poder parlar sobre com identificar aspectes de la natura.\u00a0<\/span><\/p>\n<p>Una sortida molt complerta i que els hi ha agradat molt.<\/p>\n<p>En el seg\u00fcent <a href=\"https:\/\/drive.google.com\/drive\/folders\/10wRBYBy39K-R3johOei54Ad_iYIvgGxh?usp=sharing\">enlla\u00e7<\/a>, trobareu un recull de fotografies.<\/p>\n","protected":false},"excerpt":{"rendered":"<p>Avui els nens i nenes de quart han passat el dia a la ciutat de Lleida. Primerament, han anat a l&#8217;auditori Enric Granados, on han pogut gaudir d&#8217;una audici\u00f3 ben divertida. &#8220;Les aventures de la Bol i en Ling&#8221;, t\u00edtol de l&#8217;audici\u00f3, ha tractat sobre dos ocells molt diferents que viuen en un mateix niu. [&hellip;]<\/p>\n","protected":false},"author":49,"featured_media":0,"comment_status":"open","ping_status":"closed","sticky":false,"template":"","format":"standard","meta":{"_bbp_topic_count":0,"_bbp_reply_count":0,"_bbp_total_topic_count":0,"_bbp_total_reply_count":0,"_bbp_voice_count":0,"_bbp_anonymous_reply_count":0,"_bbp_topic_count_hidden":0,"_bbp_reply_count_hidden":0,"_bbp_forum_subforum_count":0,"site-sidebar-layout":"default","site-content-layout":"","ast-site-content-layout":"","site-content-style":"default","site-sidebar-style":"default","ast-global-header-display":"","ast-banner-title-visibility":"","ast-main-header-display":"","ast-hfb-above-header-display":"","ast-hfb-below-header-display":"","ast-hfb-mobile-header-display":"","site-post-title":"","ast-breadcrumbs-content":"","ast-featured-img":"","footer-sml-layout":"","theme-transparent-header-meta":"","adv-header-id-meta":"","stick-header-meta":"","header-above-stick-meta":"","header-main-stick-meta":"","header-below-stick-meta":"","astra-migrate-meta-layouts":"default","ast-page-background-enabled":"default","ast-page-background-meta":{"desktop":{"background-color":"var(--ast-global-color-4)","background-image":"","background-repeat":"repeat","background-position":"center center","background-size":"auto","background-attachment":"scroll","background-type":"","background-media":"","overlay-type":"","overlay-color":"","overlay-opacity":"","overlay-gradient":""},"tablet":{"background-color":"","background-image":"","background-repeat":"repeat","background-position":"center center","background-size":"auto","background-attachment":"scroll","background-type":"","background-media":"","overlay-type":"","overlay-color":"","overlay-opacity":"","overlay-gradient":""},"mobile":{"background-color":"","background-image":"","background-repeat":"repeat","background-position":"center center","background-size":"auto","background-attachment":"scroll","background-type":"","background-media":"","overlay-type":"","overlay-color":"","overlay-opacity":"","overlay-gradient":""}},"ast-content-background-meta":{"desktop":{"background-color":"var(--ast-global-color-5)","background-image":"","background-repeat":"repeat","background-position":"center center","background-size":"auto","background-attachment":"scroll","background-type":"","background-media":"","overlay-type":"","overlay-color":"","overlay-opacity":"","overlay-gradient":""},"tablet":{"background-color":"var(--ast-global-color-5)","background-image":"","background-repeat":"repeat","background-position":"center center","background-size":"auto","background-attachment":"scroll","background-type":"","background-media":"","overlay-type":"","overlay-color":"","overlay-opacity":"","overlay-gradient":""},"mobile":{"background-color":"var(--ast-global-color-5)","background-image":"","background-repeat":"repeat","background-position":"center center","background-size":"auto","background-attachment":"scroll","background-type":"","background-media":"","overlay-type":"","overlay-color":"","overlay-opacity":"","overlay-gradient":""}},"footnotes":""},"categories":[60],"tags":[451,392,393,98,356,452,331,441],"class_list":["post-9172","post","type-post","status-publish","format-standard","hentry","category-ciclemitja","tag-audicio","tag-auditori","tag-lleida","tag-medi","tag-mitja-quart","tag-mitjana","tag-musica","tag-natura"],"post_mailing_queue_ids":[],"_links":{"self":[{"href":"https:\/\/agora.xtec.cat\/escgaspardeportola\/wp-json\/wp\/v2\/posts\/9172","targetHints":{"allow":["GET"]}}],"collection":[{"href":"https:\/\/agora.xtec.cat\/escgaspardeportola\/wp-json\/wp\/v2\/posts"}],"about":[{"href":"https:\/\/agora.xtec.cat\/escgaspardeportola\/wp-json\/wp\/v2\/types\/post"}],"author":[{"embeddable":true,"href":"https:\/\/agora.xtec.cat\/escgaspardeportola\/wp-json\/wp\/v2\/users\/49"}],"replies":[{"embeddable":true,"href":"https:\/\/agora.xtec.cat\/escgaspardeportola\/wp-json\/wp\/v2\/comments?post=9172"}],"version-history":[{"count":6,"href":"https:\/\/agora.xtec.cat\/escgaspardeportola\/wp-json\/wp\/v2\/posts\/9172\/revisions"}],"predecessor-version":[{"id":9187,"href":"https:\/\/agora.xtec.cat\/escgaspardeportola\/wp-json\/wp\/v2\/posts\/9172\/revisions\/9187"}],"wp:attachment":[{"href":"https:\/\/agora.xtec.cat\/escgaspardeportola\/wp-json\/wp\/v2\/media?parent=9172"}],"wp:term":[{"taxonomy":"category","embeddable":true,"href":"https:\/\/agora.xtec.cat\/escgaspardeportola\/wp-json\/wp\/v2\/categories?post=9172"},{"taxonomy":"post_tag","embeddable":true,"href":"https:\/\/agora.xtec.cat\/escgaspardeportola\/wp-json\/wp\/v2\/tags?post=9172"}],"curies":[{"name":"wp","href":"https:\/\/api.w.org\/{rel}","templated":true}]}}