{"id":9161,"date":"2024-02-19T16:54:54","date_gmt":"2024-02-19T15:54:54","guid":{"rendered":"https:\/\/agora.xtec.cat\/escgaspardeportola\/?p=9161"},"modified":"2024-02-19T16:54:54","modified_gmt":"2024-02-19T15:54:54","slug":"concurs-de-lectura-en-veu-alta-2","status":"publish","type":"post","link":"https:\/\/agora.xtec.cat\/escgaspardeportola\/ciclemitja\/concurs-de-lectura-en-veu-alta-2\/","title":{"rendered":"Concurs de lectura en veu alta"},"content":{"rendered":"<p>El dimecres dia 14 de febrer v\u00e0rem celebrar la final de la fase escolar del concurs de lectura en veu alta a l&#8217;escola Gaspar de Portol\u00e0. Van participar l&#8217;alumnat de 4t en la categoria de grumets vermells, l&#8217;alumnat de cinqu\u00e8 i sis\u00e8 en la categoria de grumets verds i l&#8217;alumnat d&#8217;aula d&#8217;acollida en la categoria de timoners.<\/p>\n<p>Davant tots els companys i companyes, l&#8217;alumnat finalista va llegir un fragment del llibre de lectura corresponent al concurs i el jurat format per mestres i el director dels serveis educatius de La Noguera van escollir els representants de l&#8217;escola.<\/p>\n<p>Aquests representants participaran el proper dia 14 de mar\u00e7 en la fase territorial que se celebrar\u00e0 al teatre municipal de Balaguer.<\/p>\n<p>Clicant la imatge podreu veure les fotografies:<\/p>\n<p><a href=\"https:\/\/drive.google.com\/drive\/folders\/1gBVXesKj5gJnRc3Py2RO0rfQiRCEZ2Ns?usp=sharing\"><img loading=\"lazy\" decoding=\"async\" class=\"size-full wp-image-9162 aligncenter\" src=\"https:\/\/agora.xtec.cat\/escgaspardeportola\/wp-content\/uploads\/usu555\/2024\/02\/Lectura-en-veu-alta.jpeg\" alt=\"\" width=\"448\" height=\"252\" srcset=\"https:\/\/agora.xtec.cat\/escgaspardeportola\/wp-content\/uploads\/usu555\/2024\/02\/Lectura-en-veu-alta.jpeg 448w, https:\/\/agora.xtec.cat\/escgaspardeportola\/wp-content\/uploads\/usu555\/2024\/02\/Lectura-en-veu-alta-300x169.jpeg 300w\" sizes=\"auto, (max-width: 448px) 100vw, 448px\" \/><\/a><\/p>\n","protected":false},"excerpt":{"rendered":"<p>El dimecres dia 14 de febrer v\u00e0rem celebrar la final de la fase escolar del concurs de lectura en veu alta a l&#8217;escola Gaspar de Portol\u00e0. Van participar l&#8217;alumnat de 4t en la categoria de grumets vermells, l&#8217;alumnat de cinqu\u00e8 i sis\u00e8 en la categoria de grumets verds i l&#8217;alumnat d&#8217;aula d&#8217;acollida en la categoria [&hellip;]<\/p>\n","protected":false},"author":12,"featured_media":0,"comment_status":"open","ping_status":"closed","sticky":false,"template":"","format":"standard","meta":{"_bbp_topic_count":0,"_bbp_reply_count":0,"_bbp_total_topic_count":0,"_bbp_total_reply_count":0,"_bbp_voice_count":0,"_bbp_anonymous_reply_count":0,"_bbp_topic_count_hidden":0,"_bbp_reply_count_hidden":0,"_bbp_forum_subforum_count":0,"site-sidebar-layout":"default","site-content-layout":"","ast-site-content-layout":"","site-content-style":"default","site-sidebar-style":"default","ast-global-header-display":"","ast-banner-title-visibility":"","ast-main-header-display":"","ast-hfb-above-header-display":"","ast-hfb-below-header-display":"","ast-hfb-mobile-header-display":"","site-post-title":"","ast-breadcrumbs-content":"","ast-featured-img":"","footer-sml-layout":"","theme-transparent-header-meta":"","adv-header-id-meta":"","stick-header-meta":"","header-above-stick-meta":"","header-main-stick-meta":"","header-below-stick-meta":"","astra-migrate-meta-layouts":"default","ast-page-background-enabled":"default","ast-page-background-meta":{"desktop":{"background-color":"var(--ast-global-color-4)","background-image":"","background-repeat":"repeat","background-position":"center center","background-size":"auto","background-attachment":"scroll","background-type":"","background-media":"","overlay-type":"","overlay-color":"","overlay-opacity":"","overlay-gradient":""},"tablet":{"background-color":"","background-image":"","background-repeat":"repeat","background-position":"center center","background-size":"auto","background-attachment":"scroll","background-type":"","background-media":"","overlay-type":"","overlay-color":"","overlay-opacity":"","overlay-gradient":""},"mobile":{"background-color":"","background-image":"","background-repeat":"repeat","background-position":"center center","background-size":"auto","background-attachment":"scroll","background-type":"","background-media":"","overlay-type":"","overlay-color":"","overlay-opacity":"","overlay-gradient":""}},"ast-content-background-meta":{"desktop":{"background-color":"var(--ast-global-color-5)","background-image":"","background-repeat":"repeat","background-position":"center center","background-size":"auto","background-attachment":"scroll","background-type":"","background-media":"","overlay-type":"","overlay-color":"","overlay-opacity":"","overlay-gradient":""},"tablet":{"background-color":"var(--ast-global-color-5)","background-image":"","background-repeat":"repeat","background-position":"center center","background-size":"auto","background-attachment":"scroll","background-type":"","background-media":"","overlay-type":"","overlay-color":"","overlay-opacity":"","overlay-gradient":""},"mobile":{"background-color":"var(--ast-global-color-5)","background-image":"","background-repeat":"repeat","background-position":"center center","background-size":"auto","background-attachment":"scroll","background-type":"","background-media":"","overlay-type":"","overlay-color":"","overlay-opacity":"","overlay-gradient":""}},"footnotes":""},"categories":[339,60,290],"tags":[450],"class_list":["post-9161","post","type-post","status-publish","format-standard","hentry","category-acollida","category-ciclemitja","category-cicle-superior","tag-cocurs-de-lectura-en-veu-alta"],"post_mailing_queue_ids":[],"_links":{"self":[{"href":"https:\/\/agora.xtec.cat\/escgaspardeportola\/wp-json\/wp\/v2\/posts\/9161","targetHints":{"allow":["GET"]}}],"collection":[{"href":"https:\/\/agora.xtec.cat\/escgaspardeportola\/wp-json\/wp\/v2\/posts"}],"about":[{"href":"https:\/\/agora.xtec.cat\/escgaspardeportola\/wp-json\/wp\/v2\/types\/post"}],"author":[{"embeddable":true,"href":"https:\/\/agora.xtec.cat\/escgaspardeportola\/wp-json\/wp\/v2\/users\/12"}],"replies":[{"embeddable":true,"href":"https:\/\/agora.xtec.cat\/escgaspardeportola\/wp-json\/wp\/v2\/comments?post=9161"}],"version-history":[{"count":1,"href":"https:\/\/agora.xtec.cat\/escgaspardeportola\/wp-json\/wp\/v2\/posts\/9161\/revisions"}],"predecessor-version":[{"id":9163,"href":"https:\/\/agora.xtec.cat\/escgaspardeportola\/wp-json\/wp\/v2\/posts\/9161\/revisions\/9163"}],"wp:attachment":[{"href":"https:\/\/agora.xtec.cat\/escgaspardeportola\/wp-json\/wp\/v2\/media?parent=9161"}],"wp:term":[{"taxonomy":"category","embeddable":true,"href":"https:\/\/agora.xtec.cat\/escgaspardeportola\/wp-json\/wp\/v2\/categories?post=9161"},{"taxonomy":"post_tag","embeddable":true,"href":"https:\/\/agora.xtec.cat\/escgaspardeportola\/wp-json\/wp\/v2\/tags?post=9161"}],"curies":[{"name":"wp","href":"https:\/\/api.w.org\/{rel}","templated":true}]}}