{"id":9151,"date":"2024-02-14T19:36:32","date_gmt":"2024-02-14T18:36:32","guid":{"rendered":"https:\/\/agora.xtec.cat\/escgaspardeportola\/?p=9151"},"modified":"2024-02-14T19:39:12","modified_gmt":"2024-02-14T18:39:12","slug":"carnestoltes-i-laigua","status":"publish","type":"post","link":"https:\/\/agora.xtec.cat\/escgaspardeportola\/portada\/carnestoltes-i-laigua\/","title":{"rendered":"Carnestoltes i l&#8217;aigua!"},"content":{"rendered":"<p>La setmana del 5 al 9 de febrer vam gaudir sota les divertides ordres de la reina carnestoltes. A m\u00e9s, divendres vam poder ensenyar als nostres companys i companyes la disfressa que vam crear a art.<\/p>\n<p>La pluja, neu i boira va ser la protagonista dels m\u00e9s petis de l&#8217;escola.<\/p>\n<p>El fons mar\u00ed, els pirates, els peixos llanterna i els mariners els protagonistes d&#8217;educaci\u00f3 prim\u00e0ria.<\/p>\n<p>Grans i petits vam gaudir d&#8217;una fant\u00e0stica tarda de sol, amenitzats per les can\u00e7ons del Guille i tancant la jornada amb una xocolatada bon\u00edssima que les fam\u00edlies de cicle superior ens van fer. Gr\u00e0cies fam\u00edlies per ser-hi!<\/p>\n<p><a href=\"https:\/\/drive.google.com\/drive\/folders\/1C2wwqxYTIsRNox5Y4rV8q2A6T8HPNqE1?usp=drive_link\">M\u00e9s fotografies<\/a><\/p>\n<p><img loading=\"lazy\" decoding=\"async\" class=\"alignleft size-large wp-image-9152\" src=\"https:\/\/agora.xtec.cat\/escgaspardeportola\/wp-content\/uploads\/usu555\/2024\/02\/z-1024x768.jpg\" alt=\"\" width=\"1024\" height=\"768\" srcset=\"https:\/\/agora.xtec.cat\/escgaspardeportola\/wp-content\/uploads\/usu555\/2024\/02\/z-1024x768.jpg 1024w, https:\/\/agora.xtec.cat\/escgaspardeportola\/wp-content\/uploads\/usu555\/2024\/02\/z-300x225.jpg 300w, https:\/\/agora.xtec.cat\/escgaspardeportola\/wp-content\/uploads\/usu555\/2024\/02\/z-768x576.jpg 768w, https:\/\/agora.xtec.cat\/escgaspardeportola\/wp-content\/uploads\/usu555\/2024\/02\/z-200x150.jpg 200w, https:\/\/agora.xtec.cat\/escgaspardeportola\/wp-content\/uploads\/usu555\/2024\/02\/z.jpg 1224w\" sizes=\"auto, (max-width: 1024px) 100vw, 1024px\" \/><\/p>\n","protected":false},"excerpt":{"rendered":"<p>La setmana del 5 al 9 de febrer vam gaudir sota les divertides ordres de la reina carnestoltes. A m\u00e9s, divendres vam poder ensenyar als nostres companys i companyes la disfressa que vam crear a art. La pluja, neu i boira va ser la protagonista dels m\u00e9s petis de l&#8217;escola. El fons mar\u00ed, els pirates, [&hellip;]<\/p>\n","protected":false},"author":1,"featured_media":0,"comment_status":"closed","ping_status":"closed","sticky":false,"template":"","format":"standard","meta":{"_bbp_topic_count":0,"_bbp_reply_count":0,"_bbp_total_topic_count":0,"_bbp_total_reply_count":0,"_bbp_voice_count":0,"_bbp_anonymous_reply_count":0,"_bbp_topic_count_hidden":0,"_bbp_reply_count_hidden":0,"_bbp_forum_subforum_count":0,"site-sidebar-layout":"default","site-content-layout":"","ast-site-content-layout":"","site-content-style":"default","site-sidebar-style":"default","ast-global-header-display":"","ast-banner-title-visibility":"","ast-main-header-display":"","ast-hfb-above-header-display":"","ast-hfb-below-header-display":"","ast-hfb-mobile-header-display":"","site-post-title":"","ast-breadcrumbs-content":"","ast-featured-img":"","footer-sml-layout":"","theme-transparent-header-meta":"","adv-header-id-meta":"","stick-header-meta":"","header-above-stick-meta":"","header-main-stick-meta":"","header-below-stick-meta":"","astra-migrate-meta-layouts":"default","ast-page-background-enabled":"default","ast-page-background-meta":{"desktop":{"background-color":"var(--ast-global-color-4)","background-image":"","background-repeat":"repeat","background-position":"center center","background-size":"auto","background-attachment":"scroll","background-type":"","background-media":"","overlay-type":"","overlay-color":"","overlay-opacity":"","overlay-gradient":""},"tablet":{"background-color":"","background-image":"","background-repeat":"repeat","background-position":"center center","background-size":"auto","background-attachment":"scroll","background-type":"","background-media":"","overlay-type":"","overlay-color":"","overlay-opacity":"","overlay-gradient":""},"mobile":{"background-color":"","background-image":"","background-repeat":"repeat","background-position":"center center","background-size":"auto","background-attachment":"scroll","background-type":"","background-media":"","overlay-type":"","overlay-color":"","overlay-opacity":"","overlay-gradient":""}},"ast-content-background-meta":{"desktop":{"background-color":"var(--ast-global-color-5)","background-image":"","background-repeat":"repeat","background-position":"center center","background-size":"auto","background-attachment":"scroll","background-type":"","background-media":"","overlay-type":"","overlay-color":"","overlay-opacity":"","overlay-gradient":""},"tablet":{"background-color":"var(--ast-global-color-5)","background-image":"","background-repeat":"repeat","background-position":"center center","background-size":"auto","background-attachment":"scroll","background-type":"","background-media":"","overlay-type":"","overlay-color":"","overlay-opacity":"","overlay-gradient":""},"mobile":{"background-color":"var(--ast-global-color-5)","background-image":"","background-repeat":"repeat","background-position":"center center","background-size":"auto","background-attachment":"scroll","background-type":"","background-media":"","overlay-type":"","overlay-color":"","overlay-opacity":"","overlay-gradient":""}},"footnotes":""},"categories":[4],"tags":[],"class_list":["post-9151","post","type-post","status-publish","format-standard","hentry","category-portada"],"post_mailing_queue_ids":[],"_links":{"self":[{"href":"https:\/\/agora.xtec.cat\/escgaspardeportola\/wp-json\/wp\/v2\/posts\/9151","targetHints":{"allow":["GET"]}}],"collection":[{"href":"https:\/\/agora.xtec.cat\/escgaspardeportola\/wp-json\/wp\/v2\/posts"}],"about":[{"href":"https:\/\/agora.xtec.cat\/escgaspardeportola\/wp-json\/wp\/v2\/types\/post"}],"author":[{"embeddable":true,"href":"https:\/\/agora.xtec.cat\/escgaspardeportola\/wp-json\/wp\/v2\/users\/1"}],"replies":[{"embeddable":true,"href":"https:\/\/agora.xtec.cat\/escgaspardeportola\/wp-json\/wp\/v2\/comments?post=9151"}],"version-history":[{"count":2,"href":"https:\/\/agora.xtec.cat\/escgaspardeportola\/wp-json\/wp\/v2\/posts\/9151\/revisions"}],"predecessor-version":[{"id":9154,"href":"https:\/\/agora.xtec.cat\/escgaspardeportola\/wp-json\/wp\/v2\/posts\/9151\/revisions\/9154"}],"wp:attachment":[{"href":"https:\/\/agora.xtec.cat\/escgaspardeportola\/wp-json\/wp\/v2\/media?parent=9151"}],"wp:term":[{"taxonomy":"category","embeddable":true,"href":"https:\/\/agora.xtec.cat\/escgaspardeportola\/wp-json\/wp\/v2\/categories?post=9151"},{"taxonomy":"post_tag","embeddable":true,"href":"https:\/\/agora.xtec.cat\/escgaspardeportola\/wp-json\/wp\/v2\/tags?post=9151"}],"curies":[{"name":"wp","href":"https:\/\/api.w.org\/{rel}","templated":true}]}}