{"id":9134,"date":"2024-02-17T13:06:17","date_gmt":"2024-02-17T12:06:17","guid":{"rendered":"https:\/\/agora.xtec.cat\/escgaspardeportola\/?p=9134"},"modified":"2024-02-17T13:06:17","modified_gmt":"2024-02-17T12:06:17","slug":"projecte-balaguer-2","status":"publish","type":"post","link":"https:\/\/agora.xtec.cat\/escgaspardeportola\/ciclemitja\/projecte-balaguer-2\/","title":{"rendered":"Projecte Balaguer"},"content":{"rendered":"<p><a href=\"https:\/\/drive.google.com\/drive\/folders\/1HOjM5q1_t5T6WOKxchai2LVLU1j7hGLb?usp=sharing\"><img loading=\"lazy\" decoding=\"async\" class=\"size-full wp-image-9135 alignleft\" src=\"https:\/\/agora.xtec.cat\/escgaspardeportola\/wp-content\/uploads\/usu555\/2024\/02\/IMG20240126161414.jpg\" alt=\"\" width=\"419\" height=\"247\" srcset=\"https:\/\/agora.xtec.cat\/escgaspardeportola\/wp-content\/uploads\/usu555\/2024\/02\/IMG20240126161414.jpg 419w, https:\/\/agora.xtec.cat\/escgaspardeportola\/wp-content\/uploads\/usu555\/2024\/02\/IMG20240126161414-300x177.jpg 300w\" sizes=\"auto, (max-width: 419px) 100vw, 419px\" \/><\/a>Aquesta setmana hem finalitzat el projecte: Coneixem b\u00e9 la ciutat on vivim?<\/p>\n<p>A l&#8217;inici del projecte vam observar que no la coneix\u00edem prou b\u00e9 i durant aquests dies hem realitzat diverses activitats: situar-la al mapa, visitar la Paera i fer-li una entrevista, con\u00e8ixer els diferents serveis municipals, realitzar la ruta de les fades de Mormur pel centre hist\u00f2ric de Balaguer, con\u00e8ixer llegendes i visitar els llocs m\u00e9s t\u00edpics de la ciutat, saber quants habitants t\u00e9 i quins oficis realitzen, com s\u00f3n els carrers i els edificis, quines s\u00f3n les festes pr\u00f2pies de Balaguer, hem navegat per la p\u00e0gin web de la paeria&#8230;<\/p>\n<p>Finalment hem realitzat un lapbook que hem presentat als companys de classe. Ara ja sabem molt m\u00e9s de la nostra ciutat!!!!<\/p>\n<p>Cliqueu la fotografia per veure&#8217;n m\u00e9s<\/p>\n","protected":false},"excerpt":{"rendered":"<p>Aquesta setmana hem finalitzat el projecte: Coneixem b\u00e9 la ciutat on vivim? A l&#8217;inici del projecte vam observar que no la coneix\u00edem prou b\u00e9 i durant aquests dies hem realitzat diverses activitats: situar-la al mapa, visitar la Paera i fer-li una entrevista, con\u00e8ixer els diferents serveis municipals, realitzar la ruta de les fades de Mormur [&hellip;]<\/p>\n","protected":false},"author":12,"featured_media":0,"comment_status":"open","ping_status":"closed","sticky":false,"template":"","format":"standard","meta":{"_bbp_topic_count":0,"_bbp_reply_count":0,"_bbp_total_topic_count":0,"_bbp_total_reply_count":0,"_bbp_voice_count":0,"_bbp_anonymous_reply_count":0,"_bbp_topic_count_hidden":0,"_bbp_reply_count_hidden":0,"_bbp_forum_subforum_count":0,"site-sidebar-layout":"default","site-content-layout":"","ast-site-content-layout":"","site-content-style":"default","site-sidebar-style":"default","ast-global-header-display":"","ast-banner-title-visibility":"","ast-main-header-display":"","ast-hfb-above-header-display":"","ast-hfb-below-header-display":"","ast-hfb-mobile-header-display":"","site-post-title":"","ast-breadcrumbs-content":"","ast-featured-img":"","footer-sml-layout":"","theme-transparent-header-meta":"","adv-header-id-meta":"","stick-header-meta":"","header-above-stick-meta":"","header-main-stick-meta":"","header-below-stick-meta":"","astra-migrate-meta-layouts":"default","ast-page-background-enabled":"default","ast-page-background-meta":{"desktop":{"background-color":"var(--ast-global-color-4)","background-image":"","background-repeat":"repeat","background-position":"center center","background-size":"auto","background-attachment":"scroll","background-type":"","background-media":"","overlay-type":"","overlay-color":"","overlay-opacity":"","overlay-gradient":""},"tablet":{"background-color":"","background-image":"","background-repeat":"repeat","background-position":"center center","background-size":"auto","background-attachment":"scroll","background-type":"","background-media":"","overlay-type":"","overlay-color":"","overlay-opacity":"","overlay-gradient":""},"mobile":{"background-color":"","background-image":"","background-repeat":"repeat","background-position":"center center","background-size":"auto","background-attachment":"scroll","background-type":"","background-media":"","overlay-type":"","overlay-color":"","overlay-opacity":"","overlay-gradient":""}},"ast-content-background-meta":{"desktop":{"background-color":"var(--ast-global-color-5)","background-image":"","background-repeat":"repeat","background-position":"center center","background-size":"auto","background-attachment":"scroll","background-type":"","background-media":"","overlay-type":"","overlay-color":"","overlay-opacity":"","overlay-gradient":""},"tablet":{"background-color":"var(--ast-global-color-5)","background-image":"","background-repeat":"repeat","background-position":"center center","background-size":"auto","background-attachment":"scroll","background-type":"","background-media":"","overlay-type":"","overlay-color":"","overlay-opacity":"","overlay-gradient":""},"mobile":{"background-color":"var(--ast-global-color-5)","background-image":"","background-repeat":"repeat","background-position":"center center","background-size":"auto","background-attachment":"scroll","background-type":"","background-media":"","overlay-type":"","overlay-color":"","overlay-opacity":"","overlay-gradient":""}},"footnotes":""},"categories":[60],"tags":[155,142,191],"class_list":["post-9134","post","type-post","status-publish","format-standard","hentry","category-ciclemitja","tag-balaguer","tag-projecte","tag-tercer"],"post_mailing_queue_ids":[],"_links":{"self":[{"href":"https:\/\/agora.xtec.cat\/escgaspardeportola\/wp-json\/wp\/v2\/posts\/9134","targetHints":{"allow":["GET"]}}],"collection":[{"href":"https:\/\/agora.xtec.cat\/escgaspardeportola\/wp-json\/wp\/v2\/posts"}],"about":[{"href":"https:\/\/agora.xtec.cat\/escgaspardeportola\/wp-json\/wp\/v2\/types\/post"}],"author":[{"embeddable":true,"href":"https:\/\/agora.xtec.cat\/escgaspardeportola\/wp-json\/wp\/v2\/users\/12"}],"replies":[{"embeddable":true,"href":"https:\/\/agora.xtec.cat\/escgaspardeportola\/wp-json\/wp\/v2\/comments?post=9134"}],"version-history":[{"count":1,"href":"https:\/\/agora.xtec.cat\/escgaspardeportola\/wp-json\/wp\/v2\/posts\/9134\/revisions"}],"predecessor-version":[{"id":9136,"href":"https:\/\/agora.xtec.cat\/escgaspardeportola\/wp-json\/wp\/v2\/posts\/9134\/revisions\/9136"}],"wp:attachment":[{"href":"https:\/\/agora.xtec.cat\/escgaspardeportola\/wp-json\/wp\/v2\/media?parent=9134"}],"wp:term":[{"taxonomy":"category","embeddable":true,"href":"https:\/\/agora.xtec.cat\/escgaspardeportola\/wp-json\/wp\/v2\/categories?post=9134"},{"taxonomy":"post_tag","embeddable":true,"href":"https:\/\/agora.xtec.cat\/escgaspardeportola\/wp-json\/wp\/v2\/tags?post=9134"}],"curies":[{"name":"wp","href":"https:\/\/api.w.org\/{rel}","templated":true}]}}