{"id":9116,"date":"2024-02-10T10:46:03","date_gmt":"2024-02-10T09:46:03","guid":{"rendered":"https:\/\/agora.xtec.cat\/escgaspardeportola\/?p=9116"},"modified":"2024-02-10T10:48:55","modified_gmt":"2024-02-10T09:48:55","slug":"tallers-a-cicle-mitja","status":"publish","type":"post","link":"https:\/\/agora.xtec.cat\/escgaspardeportola\/ciclemitja\/tallers-a-cicle-mitja\/","title":{"rendered":"TALLERS A CICLE MITJ\u00c0"},"content":{"rendered":"<p><img loading=\"lazy\" decoding=\"async\" class=\"wp-image-9117 alignright\" src=\"https:\/\/agora.xtec.cat\/escgaspardeportola\/wp-content\/uploads\/usu555\/2024\/02\/IMG_20240206_100926-1-1024x768.jpg\" alt=\"\" width=\"366\" height=\"274\" srcset=\"https:\/\/agora.xtec.cat\/escgaspardeportola\/wp-content\/uploads\/usu555\/2024\/02\/IMG_20240206_100926-1-1024x768.jpg 1024w, https:\/\/agora.xtec.cat\/escgaspardeportola\/wp-content\/uploads\/usu555\/2024\/02\/IMG_20240206_100926-1-300x225.jpg 300w, https:\/\/agora.xtec.cat\/escgaspardeportola\/wp-content\/uploads\/usu555\/2024\/02\/IMG_20240206_100926-1-768x576.jpg 768w, https:\/\/agora.xtec.cat\/escgaspardeportola\/wp-content\/uploads\/usu555\/2024\/02\/IMG_20240206_100926-1-1536x1152.jpg 1536w, https:\/\/agora.xtec.cat\/escgaspardeportola\/wp-content\/uploads\/usu555\/2024\/02\/IMG_20240206_100926-1-2048x1536.jpg 2048w, https:\/\/agora.xtec.cat\/escgaspardeportola\/wp-content\/uploads\/usu555\/2024\/02\/IMG_20240206_100926-1-200x150.jpg 200w\" sizes=\"auto, (max-width: 366px) 100vw, 366px\" \/><\/p>\n<p>Aquesta setmana els i les alumnes de tercer i quart de l&#8217;escola han realitzat dos tallers molt interessants.<\/p>\n<p>D&#8217;una banda, com cada any, vam rebre l&#8217;actor, dramaturg i docent Gabriel Solans. L&#8217;objectiu del taller es basava en realitzar conjuntament un conte i aix\u00ed, poder identificar les parts d&#8217;aquesta tipologia textual. D&#8217;aquesta manera, l&#8217;alumnat va poder anar decidint, fent votacions, el curs del conte a trav\u00e9s de la selecci\u00f3 d&#8217;un t\u00edtol, el personatge principal i els secundaris, la introducci\u00f3, el nus i el desenlla\u00e7. A m\u00e9s, tamb\u00e9 ens vam adonar que la imaginaci\u00f3 no t\u00e9 l\u00edmits i sempre es poden escriure hist\u00f2ries ben creatives.<\/p>\n<p>&nbsp;<\/p>\n<p><img loading=\"lazy\" decoding=\"async\" class=\" wp-image-9118 alignleft\" src=\"https:\/\/agora.xtec.cat\/escgaspardeportola\/wp-content\/uploads\/usu555\/2024\/02\/IMG_20240208_103130-2-1024x768.jpg\" alt=\"\" width=\"391\" height=\"293\" srcset=\"https:\/\/agora.xtec.cat\/escgaspardeportola\/wp-content\/uploads\/usu555\/2024\/02\/IMG_20240208_103130-2-1024x768.jpg 1024w, https:\/\/agora.xtec.cat\/escgaspardeportola\/wp-content\/uploads\/usu555\/2024\/02\/IMG_20240208_103130-2-300x225.jpg 300w, https:\/\/agora.xtec.cat\/escgaspardeportola\/wp-content\/uploads\/usu555\/2024\/02\/IMG_20240208_103130-2-768x576.jpg 768w, https:\/\/agora.xtec.cat\/escgaspardeportola\/wp-content\/uploads\/usu555\/2024\/02\/IMG_20240208_103130-2-1536x1152.jpg 1536w, https:\/\/agora.xtec.cat\/escgaspardeportola\/wp-content\/uploads\/usu555\/2024\/02\/IMG_20240208_103130-2-2048x1536.jpg 2048w, https:\/\/agora.xtec.cat\/escgaspardeportola\/wp-content\/uploads\/usu555\/2024\/02\/IMG_20240208_103130-2-200x150.jpg 200w\" sizes=\"auto, (max-width: 391px) 100vw, 391px\" \/><\/p>\n<p>&nbsp;<\/p>\n<p>D&#8217;altra banda, el segon taller anava dedicat a la veu i l&#8217;expressi\u00f3 oral i corporal. La Pilar ens va ensenyar alguns conceptes b\u00e0sics de la veu i la vocalitzaci\u00f3, a partir de diferents activitats focalitzades amb el punt de respiraci\u00f3, la sonoritat i la relaxaci\u00f3 activa. Aquestes estrat\u00e8gies ens van fer descobrir com es pot arribar a la vocalitzaci\u00f3 i col\u00b7locaci\u00f3 corporal sense tensions. Que b\u00e9 que ha anat aquest taller per poder millorar en la recitaci\u00f3 de poesies i la representaci\u00f3 teatral!<\/p>\n<p>&nbsp;<\/p>\n<p>&nbsp;<\/p>\n<p>&nbsp;<\/p>\n<p>En els seg\u00fcents enlla\u00e7os, us deixem un conjunt de fotografies:<\/p>\n<p><a href=\"https:\/\/drive.google.com\/drive\/folders\/1Jc7Orf83eU1DBKS5wPsdmFF-dEcDiaG9?usp=sharing\">Tallers a 3r<\/a>\u00a0 \u00a0 \u00a0 \u00a0 \u00a0 \u00a0 \u00a0<a href=\"https:\/\/drive.google.com\/drive\/folders\/10v1CPNoq34pWc1dOXXf32xcJHIZMBGnU?usp=sharing\">Tallers a 4t<\/a><\/p>\n","protected":false},"excerpt":{"rendered":"<p>Aquesta setmana els i les alumnes de tercer i quart de l&#8217;escola han realitzat dos tallers molt interessants. D&#8217;una banda, com cada any, vam rebre l&#8217;actor, dramaturg i docent Gabriel Solans. L&#8217;objectiu del taller es basava en realitzar conjuntament un conte i aix\u00ed, poder identificar les parts d&#8217;aquesta tipologia textual. D&#8217;aquesta manera, l&#8217;alumnat va poder [&hellip;]<\/p>\n","protected":false},"author":49,"featured_media":0,"comment_status":"open","ping_status":"closed","sticky":false,"template":"","format":"standard","meta":{"_bbp_topic_count":0,"_bbp_reply_count":0,"_bbp_total_topic_count":0,"_bbp_total_reply_count":0,"_bbp_voice_count":0,"_bbp_anonymous_reply_count":0,"_bbp_topic_count_hidden":0,"_bbp_reply_count_hidden":0,"_bbp_forum_subforum_count":0,"site-sidebar-layout":"default","site-content-layout":"","ast-site-content-layout":"","site-content-style":"default","site-sidebar-style":"default","ast-global-header-display":"","ast-banner-title-visibility":"","ast-main-header-display":"","ast-hfb-above-header-display":"","ast-hfb-below-header-display":"","ast-hfb-mobile-header-display":"","site-post-title":"","ast-breadcrumbs-content":"","ast-featured-img":"","footer-sml-layout":"","theme-transparent-header-meta":"","adv-header-id-meta":"","stick-header-meta":"","header-above-stick-meta":"","header-main-stick-meta":"","header-below-stick-meta":"","astra-migrate-meta-layouts":"default","ast-page-background-enabled":"default","ast-page-background-meta":{"desktop":{"background-color":"var(--ast-global-color-4)","background-image":"","background-repeat":"repeat","background-position":"center center","background-size":"auto","background-attachment":"scroll","background-type":"","background-media":"","overlay-type":"","overlay-color":"","overlay-opacity":"","overlay-gradient":""},"tablet":{"background-color":"","background-image":"","background-repeat":"repeat","background-position":"center center","background-size":"auto","background-attachment":"scroll","background-type":"","background-media":"","overlay-type":"","overlay-color":"","overlay-opacity":"","overlay-gradient":""},"mobile":{"background-color":"","background-image":"","background-repeat":"repeat","background-position":"center center","background-size":"auto","background-attachment":"scroll","background-type":"","background-media":"","overlay-type":"","overlay-color":"","overlay-opacity":"","overlay-gradient":""}},"ast-content-background-meta":{"desktop":{"background-color":"var(--ast-global-color-5)","background-image":"","background-repeat":"repeat","background-position":"center center","background-size":"auto","background-attachment":"scroll","background-type":"","background-media":"","overlay-type":"","overlay-color":"","overlay-opacity":"","overlay-gradient":""},"tablet":{"background-color":"var(--ast-global-color-5)","background-image":"","background-repeat":"repeat","background-position":"center center","background-size":"auto","background-attachment":"scroll","background-type":"","background-media":"","overlay-type":"","overlay-color":"","overlay-opacity":"","overlay-gradient":""},"mobile":{"background-color":"var(--ast-global-color-5)","background-image":"","background-repeat":"repeat","background-position":"center center","background-size":"auto","background-attachment":"scroll","background-type":"","background-media":"","overlay-type":"","overlay-color":"","overlay-opacity":"","overlay-gradient":""}},"footnotes":""},"categories":[60],"tags":[360,109,446,358,100,444,219,191,445],"class_list":["post-9116","post","type-post","status-publish","format-standard","hentry","category-ciclemitja","tag-ciclemitja","tag-contes","tag-expressio-corporal","tag-expressio-oral","tag-quart","tag-santillana","tag-taller","tag-tercer","tag-veu"],"post_mailing_queue_ids":[],"_links":{"self":[{"href":"https:\/\/agora.xtec.cat\/escgaspardeportola\/wp-json\/wp\/v2\/posts\/9116","targetHints":{"allow":["GET"]}}],"collection":[{"href":"https:\/\/agora.xtec.cat\/escgaspardeportola\/wp-json\/wp\/v2\/posts"}],"about":[{"href":"https:\/\/agora.xtec.cat\/escgaspardeportola\/wp-json\/wp\/v2\/types\/post"}],"author":[{"embeddable":true,"href":"https:\/\/agora.xtec.cat\/escgaspardeportola\/wp-json\/wp\/v2\/users\/49"}],"replies":[{"embeddable":true,"href":"https:\/\/agora.xtec.cat\/escgaspardeportola\/wp-json\/wp\/v2\/comments?post=9116"}],"version-history":[{"count":6,"href":"https:\/\/agora.xtec.cat\/escgaspardeportola\/wp-json\/wp\/v2\/posts\/9116\/revisions"}],"predecessor-version":[{"id":9125,"href":"https:\/\/agora.xtec.cat\/escgaspardeportola\/wp-json\/wp\/v2\/posts\/9116\/revisions\/9125"}],"wp:attachment":[{"href":"https:\/\/agora.xtec.cat\/escgaspardeportola\/wp-json\/wp\/v2\/media?parent=9116"}],"wp:term":[{"taxonomy":"category","embeddable":true,"href":"https:\/\/agora.xtec.cat\/escgaspardeportola\/wp-json\/wp\/v2\/categories?post=9116"},{"taxonomy":"post_tag","embeddable":true,"href":"https:\/\/agora.xtec.cat\/escgaspardeportola\/wp-json\/wp\/v2\/tags?post=9116"}],"curies":[{"name":"wp","href":"https:\/\/api.w.org\/{rel}","templated":true}]}}